{"content":"<div class=\"row inline-row\">\r\n                <div class=\"col-md-6 col-xs-12 inline-col feed-item\">\r\n            <div class=\"clearfix\">\n\n        <div class=\"img\">\n\n            <a  href=\"https:\/\/dkik.hu\/hirek\/javitashoz-valo-jog-uj-unios-szabalyok-segitik-a-fogyasztokat-es-a-fenntarthatobb-mukodest\">\n\n                <img class=\"img-responsive img-center\" src=\"\/uploads\/feed_items\/small-chatgpt-image-2026-17854828816441.png\" alt=\"Jav\u00edt\u00e1shoz val\u00f3 jog: \u00faj uni\u00f3s szab\u00e1lyok seg\u00edtik a fogyaszt\u00f3kat \u00e9s a fenntarthat\u00f3bb m\u0171k\u00f6d\u00e9st\">\r\n\n            <\/a>\n\n        <\/div>\n\n        <div class=\"info\">\n\n            <div class=\"title\"><a  href=\"https:\/\/dkik.hu\/hirek\/javitashoz-valo-jog-uj-unios-szabalyok-segitik-a-fogyasztokat-es-a-fenntarthatobb-mukodest\">Jav\u00edt\u00e1shoz val\u00f3 jog: \u00faj uni\u00f3s szab\u00e1lyok seg\u00edtik a fogyaszt\u00f3kat \u00e9s a fenntarthat\u00f3bb m\u0171k\u00f6d\u00e9st<\/a><\/div>\n\n            \n                <ul class=\"categories\">\n\n                    \n                        <li><a style=\"background: #8dc63f; color: #ffffff\" href=\"https:\/\/dkik.hu\/hirek\/gazdasag\">Gazdas\u00e1g<\/a><\/li>\n\n                    \n                    <li><span class=\"public-at\">2026. j\u00falius 31.<\/span><\/li>\n\n                <\/ul>\n\n            \n            <div class=\"desc\"><p>\u00daj uni\u00f3s szab\u00e1lyok seg\u00edtik a fogyaszt\u00f3kat \u00e9s a fenntarthat\u00f3bb m\u0171k\u00f6d\u00e9st<\/p><\/div>\n\n        <\/div>\n\n    <\/div>\n\n\n        <\/div>\r\n            <div class=\"col-md-6 col-xs-12 inline-col feed-item\">\r\n            <div class=\"clearfix\">\n\n        <div class=\"img\">\n\n            <a  href=\"https:\/\/dkik.hu\/hirek\/fogyasztovedelmi-jogi-tanacsadast-inditott-a-kamara-a-vallalkozasoknak\">\n\n                <img class=\"img-responsive img-center\" src=\"\/uploads\/feed_items\/small-illusztracios-kep-pexels-17854046749363.jpg\" alt=\"Fogyaszt\u00f3v\u00e9delmi jogi tan\u00e1csad\u00e1st ind\u00edtott a Kamara a v\u00e1llalkoz\u00e1soknak\">\r\n\n            <\/a>\n\n        <\/div>\n\n        <div class=\"info\">\n\n            <div class=\"title\"><a  href=\"https:\/\/dkik.hu\/hirek\/fogyasztovedelmi-jogi-tanacsadast-inditott-a-kamara-a-vallalkozasoknak\">Fogyaszt\u00f3v\u00e9delmi jogi tan\u00e1csad\u00e1st ind\u00edtott a Kamara a v\u00e1llalkoz\u00e1soknak<\/a><\/div>\n\n            \n                <ul class=\"categories\">\n\n                    \n                        <li><a style=\"background: #8dc63f; color: #ffffff\" href=\"https:\/\/dkik.hu\/hirek\/sajtokozlemeny\">Sajt\u00f3k\u00f6zlem\u00e9ny<\/a><\/li>\n\n                    \n                    <li><span class=\"public-at\">2026. j\u00falius 30.<\/span><\/li>\n\n                <\/ul>\n\n            \n            <div class=\"desc\"><p>Fogyaszt\u00f3v\u00e9delmi jogi tan\u00e1csad\u00e1st ind\u00edtott a Kamara a v\u00e1llalkoz\u00e1soknak<\/p><\/div>\n\n        <\/div>\n\n    <\/div>\n\n\n        <\/div>\r\n            <div class=\"col-md-6 col-xs-12 inline-col feed-item\">\r\n            <div class=\"clearfix\">\n\n        <div class=\"img\">\n\n            <a  href=\"https:\/\/dkik.hu\/hirek\/co-matching-2026-online-nemzetkozi-uzleti-partnerkereso-rendezveny\">\n\n                <img class=\"img-responsive img-center\" src=\"\/uploads\/feed_items\/small-a1e6b8a5-701a-42ed-abd1-875c753caa88-17853201339799.png\" alt=\"Co-Matching 2026 \u2013 Online nemzetk\u00f6zi \u00fczleti partnerkeres\u0151 rendezv\u00e9ny\">\r\n\n            <\/a>\n\n        <\/div>\n\n        <div class=\"info\">\n\n            <div class=\"title\"><a  href=\"https:\/\/dkik.hu\/hirek\/co-matching-2026-online-nemzetkozi-uzleti-partnerkereso-rendezveny\">Co-Matching 2026 \u2013 Online nemzetk\u00f6zi \u00fczleti partnerkeres\u0151 rendezv\u00e9ny<\/a><\/div>\n\n            \n                <ul class=\"categories\">\n\n                    \n                        <li><a style=\"background: #8dc63f; color: #ffffff\" href=\"https:\/\/dkik.hu\/hirek\/uzleti-ajanlatok\">\u00dczleti aj\u00e1nlatok<\/a><\/li>\n\n                    \n                        <li><a style=\"background: #8dc63f; color: #ffffff\" href=\"https:\/\/dkik.hu\/hirek\/kulpiac\">K\u00fclpiac<\/a><\/li>\n\n                    \n                    <li><span class=\"public-at\">2026. j\u00falius 29.<\/span><\/li>\n\n                <\/ul>\n\n            \n            <div class=\"desc\"><p>A Co-Matching 2026 online \u00fczleti partnerkeres\u0151 rendezv\u00e9ny lehet\u0151s\u00e9get biztos\u00edt a v\u00e1llalkoz\u00e1sok sz\u00e1m\u00e1ra, hogy el\u0151re egyeztetett online B2B tal\u00e1lkoz\u00f3k keret\u00e9ben vegy\u00e9k fel a kapcsolatot hazai \u00e9s nemzetk\u00f6zi \u00fczleti partnerekkel.<\/p><\/div>\n\n        <\/div>\n\n    <\/div>\n\n\n        <\/div>\r\n            <div class=\"col-md-6 col-xs-12 inline-col feed-item\">\r\n            <div class=\"clearfix\">\n\n        <div class=\"img\">\n\n            <a  href=\"https:\/\/dkik.hu\/hirek\/green-awards-2026-elismeres-a-fenntarthatosagert\">\n\n                <img class=\"img-responsive img-center\" src=\"\/uploads\/feed_items\/small-green-awards-800x600-fekvo-17842757983682.jpg\" alt=\"Green Awards 2026 \u2013 Elismer\u00e9s a fenntarthat\u00f3s\u00e1g\u00e9rt\">\r\n\n            <\/a>\n\n        <\/div>\n\n        <div class=\"info\">\n\n            <div class=\"title\"><a  href=\"https:\/\/dkik.hu\/hirek\/green-awards-2026-elismeres-a-fenntarthatosagert\">Green Awards 2026 \u2013 Elismer\u00e9s a fenntarthat\u00f3s\u00e1g\u00e9rt<\/a><\/div>\n\n            \n                <ul class=\"categories\">\n\n                    \n                        <li><a style=\"background: #8dc63f; color: #ffffff\" href=\"https:\/\/dkik.hu\/hirek\/palyazat\">P\u00e1ly\u00e1zat<\/a><\/li>\n\n                    \n                    <li><span class=\"public-at\">2026. j\u00falius 17.<\/span><\/li>\n\n                <\/ul>\n\n            \n            <div class=\"desc\"><p>Vannak olyan innovat\u00edv, fenntarthat\u00f3s\u00e1gi projektjeik, amelyekre b\u00fcszk\u00e9k?<\/p><\/div>\n\n        <\/div>\n\n    <\/div>\n\n\n        <\/div>\r\n            <div class=\"col-md-6 col-xs-12 inline-col feed-item\">\r\n            <div class=\"clearfix\">\n\n        <div class=\"img\">\n\n            <a  href=\"https:\/\/dkik.hu\/hirek\/felkeszules-az-eu-mesterseges-intelligencia-rendeletre-online-tajekoztato-vallalkozasoknak\">\n\n                <img class=\"img-responsive img-center\" src=\"\/uploads\/feed_items\/small-78982e23-209e-4dc4-a217-5a7034804ad4-17841848699639.png\" alt=\"Felk\u00e9sz\u00fcl\u00e9s az EU Mesters\u00e9ges Intelligencia rendeletre \u2013 online t\u00e1j\u00e9koztat\u00f3 v\u00e1llalkoz\u00e1soknak\">\r\n\n            <\/a>\n\n        <\/div>\n\n        <div class=\"info\">\n\n            <div class=\"title\"><a  href=\"https:\/\/dkik.hu\/hirek\/felkeszules-az-eu-mesterseges-intelligencia-rendeletre-online-tajekoztato-vallalkozasoknak\">Felk\u00e9sz\u00fcl\u00e9s az EU Mesters\u00e9ges Intelligencia rendeletre \u2013 online t\u00e1j\u00e9koztat\u00f3 v\u00e1llalkoz\u00e1soknak<\/a><\/div>\n\n            \n                <ul class=\"categories\">\n\n                    \n                        <li><a style=\"background: #8dc63f; color: #ffffff\" href=\"https:\/\/dkik.hu\/hirek\/gazdasag\">Gazdas\u00e1g<\/a><\/li>\n\n                    \n                    <li><span class=\"public-at\">2026. j\u00falius 16.<\/span><\/li>\n\n                <\/ul>\n\n            \n            <div class=\"desc\"><p>2026. augusztus 3-t\u00f3l az EU Mesters\u00e9ges Intelligencia rendelet\u00e9hez kapcsol\u00f3d\u00f3 fel\u00fcgyeleti \u00e9s v\u00e9grehajt\u00e1si szab\u00e1lyok \u00faj szakaszba l\u00e9pnek.<\/p><\/div>\n\n        <\/div>\n\n    <\/div>\n\n\n        <\/div>\r\n            <div class=\"col-md-6 col-xs-12 inline-col feed-item\">\r\n            <div class=\"clearfix\">\n\n        <div class=\"img\">\n\n            <a  href=\"https:\/\/dkik.hu\/hirek\/egyre-tobb-fogyaszto-fordul-a-bekelteto-testuletekhez\">\n\n                <img class=\"img-responsive img-center\" src=\"\/uploads\/feed_items\/small-b3b98705-df52-48ef-8efd-83096ca09842-17839278774167.png\" alt=\"Egyre t\u00f6bb fogyaszt\u00f3 fordul a B\u00e9k\u00e9ltet\u0151 Test\u00fcletekhez\">\r\n\n            <\/a>\n\n        <\/div>\n\n        <div class=\"info\">\n\n            <div class=\"title\"><a  href=\"https:\/\/dkik.hu\/hirek\/egyre-tobb-fogyaszto-fordul-a-bekelteto-testuletekhez\">Egyre t\u00f6bb fogyaszt\u00f3 fordul a B\u00e9k\u00e9ltet\u0151 Test\u00fcletekhez<\/a><\/div>\n\n            \n                <ul class=\"categories\">\n\n                    \n                        <li><a style=\"background: #8dc63f; color: #ffffff\" href=\"https:\/\/dkik.hu\/hirek\/sajtokozlemeny\">Sajt\u00f3k\u00f6zlem\u00e9ny<\/a><\/li>\n\n                    \n                    <li><span class=\"public-at\">2026. j\u00falius 13.<\/span><\/li>\n\n                <\/ul>\n\n            \n            <div class=\"desc\"><p>A kamarai h\u00e1l\u00f3zat \u00e1ltal m\u0171k\u00f6dtetett nyolc B\u00e9k\u00e9ltet\u0151 Test\u00fclet 2026 els\u0151 f\u00e9l\u00e9v\u00e9ben \u00f6sszesen 6102 \u00fcgyet z\u00e1rt le, ez 6 sz\u00e1zal\u00e9kkal t\u00f6bb, mint a tavalyi \u00e9v azonos id\u0151szak\u00e1ban lez\u00e1rt 5740 \u00fcgy.<\/p><\/div>\n\n        <\/div>\n\n    <\/div>\n\n\n        <\/div>\r\n            <div class=\"col-md-6 col-xs-12 inline-col feed-item\">\r\n            <div class=\"clearfix\">\n\n        <div class=\"img\">\n\n            <a  href=\"https:\/\/dkik.hu\/hirek\/megtarto-muszakok-a-magyar-munkaero-mentalis-egeszsegenek-megorzeset-tamogato-orszagos-program\">\n\n                <img class=\"img-responsive img-center\" src=\"\/uploads\/feed_items\/small-mkik-megtarto-muszakok-statik-1920x1080-v1-0521-hirlevel-17835968251952.jpg\" alt=\"Megtart\u00f3 m\u0171szakok - a magyar munkaer\u0151 ment\u00e1lis eg\u00e9szs\u00e9g\u00e9nek meg\u0151rz\u00e9s\u00e9t t\u00e1mogat\u00f3 orsz\u00e1gos program\">\r\n\n            <\/a>\n\n        <\/div>\n\n        <div class=\"info\">\n\n            <div class=\"title\"><a  href=\"https:\/\/dkik.hu\/hirek\/megtarto-muszakok-a-magyar-munkaero-mentalis-egeszsegenek-megorzeset-tamogato-orszagos-program\">Megtart\u00f3 m\u0171szakok - a magyar munkaer\u0151 ment\u00e1lis eg\u00e9szs\u00e9g\u00e9nek meg\u0151rz\u00e9s\u00e9t t\u00e1mogat\u00f3 orsz\u00e1gos program<\/a><\/div>\n\n            \n                <ul class=\"categories\">\n\n                    \n                        <li><a style=\"background: #8dc63f; color: #ffffff\" href=\"https:\/\/dkik.hu\/hirek\/gazdasag\">Gazdas\u00e1g<\/a><\/li>\n\n                    \n                        <li><a style=\"background: #8dc63f; color: #ffffff\" href=\"https:\/\/dkik.hu\/hirek\/uzleti-ajanlatok\">\u00dczleti aj\u00e1nlatok<\/a><\/li>\n\n                    \n                    <li><span class=\"public-at\">2026. j\u00falius 09.<\/span><\/li>\n\n                <\/ul>\n\n            \n            <div class=\"desc\"><p>A stabil munkaer\u0151 ma m\u00e1r az egyik legfontosabb versenyel\u0151ny a hazai v\u00e1llalkoz\u00e1sok sz\u00e1m\u00e1ra. Ugyanakkor a munkaer\u0151hi\u00e1ny, a fluktu\u00e1ci\u00f3 \u00e9s a munkav\u00e1llal\u00f3k fokoz\u00f3d\u00f3 ment\u00e1lis terhel\u00e9se egyre nagyobb hat\u00e1ssal van a v\u00e1llalkoz\u00e1sok eredm\u00e9nyes m\u0171k\u00f6d\u00e9s\u00e9re.<\/p><\/div>\n\n        <\/div>\n\n    <\/div>\n\n\n        <\/div>\r\n            <div class=\"col-md-6 col-xs-12 inline-col feed-item\">\r\n            <div class=\"clearfix\">\n\n        <div class=\"img\">\n\n            <a  href=\"https:\/\/dkik.hu\/hirek\/24-milliard-forint-ertekben-erkezett-kerelem-a-kamara-mellett-mukodo-teljesitesigazolasi-szakertoi-szervhez-a-masodik-negyedevben\">\n\n                <img class=\"img-responsive img-center\" src=\"\/uploads\/feed_items\/small-illusztracios-kep-pexels-1783506168393.jpg\" alt=\"24 milli\u00e1rd forint \u00e9rt\u00e9kben \u00e9rkezett k\u00e9relem a Kamara mellett m\u0171k\u00f6d\u0151 Teljes\u00edt\u00e9sigazol\u00e1si Szak\u00e9rt\u0151i Szervhez a m\u00e1sodik negyed\u00e9vben\">\r\n\n            <\/a>\n\n        <\/div>\n\n        <div class=\"info\">\n\n            <div class=\"title\"><a  href=\"https:\/\/dkik.hu\/hirek\/24-milliard-forint-ertekben-erkezett-kerelem-a-kamara-mellett-mukodo-teljesitesigazolasi-szakertoi-szervhez-a-masodik-negyedevben\">24 milli\u00e1rd forint \u00e9rt\u00e9kben \u00e9rkezett k\u00e9relem a Kamara mellett m\u0171k\u00f6d\u0151 Teljes\u00edt\u00e9sigazol\u00e1si Szak\u00e9rt\u0151i Szervhez a m\u00e1sodik negyed\u00e9vben<\/a><\/div>\n\n            \n                <ul class=\"categories\">\n\n                    \n                        <li><a style=\"background: #8dc63f; color: #ffffff\" href=\"https:\/\/dkik.hu\/hirek\/gazdasag\">Gazdas\u00e1g<\/a><\/li>\n\n                    \n                    <li><span class=\"public-at\">2026. j\u00falius 08.<\/span><\/li>\n\n                <\/ul>\n\n            \n            <div class=\"desc\"><p>A Magyar Kereskedelmi \u00e9s Iparkamara mellett m\u0171k\u00f6d\u0151 f\u00fcggetlen Teljes\u00edt\u00e9sigazol\u00e1si Szak\u00e9rt\u0151i Szerv (TSZSZ) 2026. m\u00e1sodik negyed\u00e9v\u00e9ben 79 \u00faj k\u00e9relmet vett nyilv\u00e1ntart\u00e1sba,<\/p><\/div>\n\n        <\/div>\n\n    <\/div>\n\n\n        <\/div>\r\n    <\/div>\r\n\r\n<ul class=\"pagination\">\r\n                    <li class=\"left\"><a href=\"https:\/\/dkik.hu\/api\/feeds\/page?page=1\" rel=\"prev\"><span class=\"icon icon-arrow-flat-left\"><\/span><\/a><\/li>\r\n        \r\n                    \r\n                                                                        <li><a href=\"https:\/\/dkik.hu\/api\/feeds\/page?page=1\">01<\/a><\/li>\r\n                                                                                <li class=\"active\"><span>02<\/span><\/li>\r\n                                                                                <li><a href=\"https:\/\/dkik.hu\/api\/feeds\/page?page=3\">03<\/a><\/li>\r\n                                                                                <li><a href=\"https:\/\/dkik.hu\/api\/feeds\/page?page=4\">04<\/a><\/li>\r\n                                                                                <li><a href=\"https:\/\/dkik.hu\/api\/feeds\/page?page=5\">05<\/a><\/li>\r\n                                                                                <li><a href=\"https:\/\/dkik.hu\/api\/feeds\/page?page=6\">06<\/a><\/li>\r\n                                                                                <li><a href=\"https:\/\/dkik.hu\/api\/feeds\/page?page=7\">07<\/a><\/li>\r\n                                                                                <li><a href=\"https:\/\/dkik.hu\/api\/feeds\/page?page=8\">08<\/a><\/li>\r\n                                                                                    <li class=\"disabled\"><span>...<\/span><\/li>\r\n            \r\n                                \r\n                                                                        <li><a href=\"https:\/\/dkik.hu\/api\/feeds\/page?page=197\">197<\/a><\/li>\r\n                                                                                <li><a href=\"https:\/\/dkik.hu\/api\/feeds\/page?page=198\">198<\/a><\/li>\r\n                                                        \r\n                    <li class=\"right\"><a href=\"https:\/\/dkik.hu\/api\/feeds\/page?page=3\" rel=\"next\"><span class=\"icon icon-arrow-flat-right\"><\/span><\/a><\/li>\r\n            <\/ul>\r\n\r\n","page":"2"}