{"content":"<div class=\"row inline-row\">\r\n                <div class=\"col-md-6 col-xs-12 inline-col feed-item\">\r\n            <div class=\"clearfix\">\n\n        <div class=\"img\">\n\n            <a target=\"blank\" href=\"https:\/\/veszpremikamara.hu\/hirek\/uj-lenduletet-kapott-2026-ban-az-orszagos-kamarai-beszallitoi-program\">\n\n                <img class=\"img-responsive img-center\" src=\"\/images\/no-feed-item.jpg\" alt=\"\u00daj lend\u00fcletet kapott 2026-ban az Orsz\u00e1gos Kamarai Besz\u00e1ll\u00edt\u00f3i Program\">\r\n\n            <\/a>\n\n        <\/div>\n\n        <div class=\"info\">\n\n            <div class=\"title\"><a target=\"blank\" href=\"https:\/\/veszpremikamara.hu\/hirek\/uj-lenduletet-kapott-2026-ban-az-orszagos-kamarai-beszallitoi-program\">\u00daj lend\u00fcletet kapott 2026-ban az Orsz\u00e1gos Kamarai Besz\u00e1ll\u00edt\u00f3i Program<\/a><\/div>\n\n            \n                <ul class=\"categories\">\n\n                    \n                        <li><a style=\"background: #8dc63f; color: #ffffff\" href=\"https:\/\/dkik.hu\/hirek\/gazdasag\">Gazdas\u00e1g<\/a><\/li>\n\n                    \n                    <li><span class=\"public-at\">2026. m\u00e1jus 08.<\/span><\/li>\n\n                <\/ul>\n\n            \n            <div class=\"desc\"><p>A Magyar Kereskedelmi \u00e9s Iparkamara \u00e1ltal t\u00e1mogatott V\u00e1llalkoz\u00e1sfejleszt\u00e9si Program r\u00e9szek\u00e9nt a hazai kamarai h\u00e1l\u00f3zat id\u00e9n tavasszal \u00fajabb Orsz\u00e1gos Kamarai Besz\u00e1ll\u00edt\u00f3i Programot szervezett. A 7 r\u00e9gi\u00f3s rendez<\/p><\/div>\n\n        <\/div>\n\n    <\/div>\n\n\n        <\/div>\r\n            <div class=\"col-md-6 col-xs-12 inline-col feed-item\">\r\n            <div class=\"clearfix\">\n\n        <div class=\"img\">\n\n            <a  href=\"https:\/\/dkik.hu\/hirek\/az-ev-dualis-kepzohelye-2025-dunaujvaros-a-butorpuzzle-kft\">\n\n                <img class=\"img-responsive img-center\" src=\"\/images\/no-feed-item.jpg\" alt=\"A B\u00fatorPuzzle Kft.  az \u00e9v du\u00e1lis k\u00e9pz\u0151helye Duna\u00fajv\u00e1rosban 2025-ben\">\r\n\n            <\/a>\n\n        <\/div>\n\n        <div class=\"info\">\n\n            <div class=\"title\"><a  href=\"https:\/\/dkik.hu\/hirek\/az-ev-dualis-kepzohelye-2025-dunaujvaros-a-butorpuzzle-kft\">A B\u00fatorPuzzle Kft.  az \u00e9v du\u00e1lis k\u00e9pz\u0151helye Duna\u00fajv\u00e1rosban 2025-ben<\/a><\/div>\n\n            \n            <div class=\"desc\"><p>A Magyar Kereskedelmi \u00e9s Iparkamara \u00e9s a Duna\u00fajv\u00e1rosi Kereskedelmi Iparkamara k\u00f6z\u00f6s elismer\u00e9sben r\u00e9szes\u00edtette a B\u00fatorPuzzle Kft.-t, amely 2026-ban Duna\u00fajv\u00e1rosban elnyerte az \u00c9v Du\u00e1lis K\u00e9pz\u0151helye<\/p><\/div>\n\n        <\/div>\n\n    <\/div>\n\n\n        <\/div>\r\n            <div class=\"col-md-6 col-xs-12 inline-col feed-item\">\r\n            <div class=\"clearfix\">\n\n        <div class=\"img\">\n\n            <a target=\"blank\" href=\"https:\/\/dkik.hu\/esemenyek\/rendezvenyek\/latvanyos-ai-megoldasok-vallalkozasoknak-a-jovo-belep-a-weboldaladra\">\n\n                <img class=\"img-responsive img-center\" src=\"\/uploads\/feed_items\/small-ai-17789285058621.png\" alt=\"L\u00e1tv\u00e1nyos AI megold\u00e1sok v\u00e1llalkoz\u00e1soknak \u2013 A j\u00f6v\u0151 bel\u00e9p a weboldaladra\">\r\n\n            <\/a>\n\n        <\/div>\n\n        <div class=\"info\">\n\n            <div class=\"title\"><a target=\"blank\" href=\"https:\/\/dkik.hu\/esemenyek\/rendezvenyek\/latvanyos-ai-megoldasok-vallalkozasoknak-a-jovo-belep-a-weboldaladra\">L\u00e1tv\u00e1nyos AI megold\u00e1sok v\u00e1llalkoz\u00e1soknak \u2013 A j\u00f6v\u0151 bel\u00e9p a weboldaladra<\/a><\/div>\n\n            \n                <ul class=\"categories\">\n\n                    \n                        <li><a style=\"background: #8dc63f; color: #ffffff\" href=\"https:\/\/dkik.hu\/hirek\/helyi-kamara\">Helyi kamara<\/a><\/li>\n\n                    \n                    <li><span class=\"public-at\">2026. m\u00e1jus 05.<\/span><\/li>\n\n                <\/ul>\n\n            \n            <div class=\"desc\"><p>Szeretn\u00e9 v\u00e1llalkoz\u00e1sa marketingj\u00e9t gyorsabb\u00e1, hat\u00e9konyabb\u00e1 \u00e9s modernebb\u00e9 tenni? Ma m\u00e1r nem kell k\u00fcl\u00f6n grafikus \u00e9s sz\u00f6veg\u00edr\u00f3 \u2013 az AI \u00e9s a Canva seg\u00edts\u00e9g\u00e9vel \u00d6n is percek alatt k\u00e9sz\u00edthet professzion\u00e1lis anyagokat. Vegyen r\u00e9szt a \u201eL\u00e1tv\u00e1nyos AI megold\u00e1sok<\/p><\/div>\n\n        <\/div>\n\n    <\/div>\n\n\n        <\/div>\r\n            <div class=\"col-md-6 col-xs-12 inline-col feed-item\">\r\n            <div class=\"clearfix\">\n\n        <div class=\"img\">\n\n            <a target=\"blank\" href=\"https:\/\/mkik.hu\/hirek\/a-kamara-aranyos-es-visszaelesmentes-formaban-tamogatna-a-kedvezmenyes-kata-adozas-visszavezeteset\">\n\n                <img class=\"img-responsive img-center\" src=\"\/images\/no-feed-item.jpg\" alt=\"A Kamara ar\u00e1nyos \u00e9s vissza\u00e9l\u00e9smentes form\u00e1ban t\u00e1mogatn\u00e1 a kedvezm\u00e9nyes kata ad\u00f3z\u00e1s visszavezet\u00e9s\u00e9t\">\r\n\n            <\/a>\n\n        <\/div>\n\n        <div class=\"info\">\n\n            <div class=\"title\"><a target=\"blank\" href=\"https:\/\/mkik.hu\/hirek\/a-kamara-aranyos-es-visszaelesmentes-formaban-tamogatna-a-kedvezmenyes-kata-adozas-visszavezeteset\">A Kamara ar\u00e1nyos \u00e9s vissza\u00e9l\u00e9smentes form\u00e1ban t\u00e1mogatn\u00e1 a kedvezm\u00e9nyes kata ad\u00f3z\u00e1s visszavezet\u00e9s\u00e9t<\/a><\/div>\n\n            \n                <ul class=\"categories\">\n\n                    \n                        <li><a style=\"background: #8dc63f; color: #ffffff\" href=\"https:\/\/dkik.hu\/hirek\/gazdasag\">Gazdas\u00e1g<\/a><\/li>\n\n                    \n                    <li><span class=\"public-at\">2026. m\u00e1jus 05.<\/span><\/li>\n\n                <\/ul>\n\n            \n            <div class=\"desc\"><p>A Magyar Kereskedelmi \u00e9s Iparkamara (MKIK) m\u00e1sf\u00e9l \u00e9ve hivatalba l\u00e9pett \u00faj vezet\u00e9se k\u00f6vetkezetesen ki\u00e1ll amellett, hogy a kedvezm\u00e9nyes Kisad\u00f3z\u00f3k T\u00e9teles Ad\u00f3ja (KATA) egyszer\u0171, kisz\u00e1m\u00edthat\u00f3 \u00e9s a val\u00f3di kisv\u00e1llalkoz\u00f3k sz\u00e1m\u00e1ra el\u00e9rhet\u0151 form\u00e1ban t\u00e9rjen viss<\/p><\/div>\n\n        <\/div>\n\n    <\/div>\n\n\n        <\/div>\r\n            <div class=\"col-md-6 col-xs-12 inline-col feed-item\">\r\n            <div class=\"clearfix\">\n\n        <div class=\"img\">\n\n            <a target=\"blank\" href=\"https:\/\/mkik.hu\/hirek\/a-magyar-kereskedelmi-es-iparkamara-a-magyar-gazdasagert\">\n\n                <img class=\"img-responsive img-center\" src=\"\/uploads\/feed_items\/small-vallalkozas-start-2026-i-masolata-177729590237.jpg\" alt=\"A Magyar Kereskedelmi \u00e9s Iparkamara a magyar gazdas\u00e1g\u00e9rt\">\r\n\n            <\/a>\n\n        <\/div>\n\n        <div class=\"info\">\n\n            <div class=\"title\"><a target=\"blank\" href=\"https:\/\/mkik.hu\/hirek\/a-magyar-kereskedelmi-es-iparkamara-a-magyar-gazdasagert\">A Magyar Kereskedelmi \u00e9s Iparkamara a magyar gazdas\u00e1g\u00e9rt<\/a><\/div>\n\n            \n                <ul class=\"categories\">\n\n                    \n                        <li><a style=\"background: #8dc63f; color: #ffffff\" href=\"https:\/\/dkik.hu\/hirek\/gazdasag\">Gazdas\u00e1g<\/a><\/li>\n\n                    \n                        <li><a style=\"background: #8dc63f; color: #ffffff\" href=\"https:\/\/dkik.hu\/hirek\/sajtokozlemeny\">Sajt\u00f3k\u00f6zlem\u00e9ny<\/a><\/li>\n\n                    \n                    <li><span class=\"public-at\">2026. \u00e1prilis 27.<\/span><\/li>\n\n                <\/ul>\n\n            \n            <div class=\"desc\"><p>M\u00e1sf\u00e9l \u00e9vvel ezel\u0151tt a kamarai tiszt\u00faj\u00edt\u00e1sok alkalm\u00e1val \u00faj vezet\u00e9st v\u00e1lasztott a Magyar Kereskedelmi \u00e9s Iparkamara (MKIK), gyakorlatilag k\u00e9tharmados felhatalmaz\u00e1ssal. Az \u00faj vezet\u00e9s \u00faj szeml\u00e9lettel k\u00f6zel\u00edtette meg feladatait, a v\u00e1llalkoz\u00f3kat helyezte a&amp;<\/p><\/div>\n\n        <\/div>\n\n    <\/div>\n\n\n        <\/div>\r\n            <div class=\"col-md-6 col-xs-12 inline-col feed-item\">\r\n            <div class=\"clearfix\">\n\n        <div class=\"img\">\n\n            <a target=\"blank\" href=\"https:\/\/dkik.hu\/esemenyek\/rendezvenyek\/vallalkozas-start-2026-i\">\n\n                <img class=\"img-responsive img-center\" src=\"\/uploads\/feed_items\/small-web-esemenyek-7-1777291718141.png\" alt=\"V\u00e1llalkoz\u00e1s Start 2026 I.\">\r\n\n            <\/a>\n\n        <\/div>\n\n        <div class=\"info\">\n\n            <div class=\"title\"><a target=\"blank\" href=\"https:\/\/dkik.hu\/esemenyek\/rendezvenyek\/vallalkozas-start-2026-i\">V\u00e1llalkoz\u00e1s Start 2026 I.<\/a><\/div>\n\n            \n                <ul class=\"categories\">\n\n                    \n                        <li><a style=\"background: #8dc63f; color: #ffffff\" href=\"https:\/\/dkik.hu\/hirek\/helyi-kamara\">Helyi kamara<\/a><\/li>\n\n                    \n                    <li><span class=\"public-at\">2026. \u00e1prilis 27.<\/span><\/li>\n\n                <\/ul>\n\n            \n            <div class=\"desc\"><p>Biztos alapokra szeretn\u00e9 helyezni v\u00e1llalkoz\u00e1s\u00e1t, vagy most k\u00e9sz\u00fcl belev\u00e1gni? Nem mindegy, milyen d\u00f6nt\u00e9seket hoz az elej\u00e9n \u2013 ezek hat\u00e1rozz\u00e1k meg a k\u00e9s\u0151bbi sikert. Vegyen r\u00e9szt a \u201eV\u00e1llalkoz\u00e1s Start 2026 I. \u2013 Indulj magabiztosan, \u00e9p\u00edts sta<\/p><\/div>\n\n        <\/div>\n\n    <\/div>\n\n\n        <\/div>\r\n            <div class=\"col-md-6 col-xs-12 inline-col feed-item\">\r\n            <div class=\"clearfix\">\n\n        <div class=\"img\">\n\n            <a  href=\"https:\/\/dkik.hu\/hirek\/kamarai-uzleti-delegacio-szerbiaba-technical-fair-belgrade\">\n\n                <img class=\"img-responsive img-center\" src=\"\/uploads\/feed_items\/small-belgrad-17761541767658.JPG\" alt=\"Kamarai \u00fczleti deleg\u00e1ci\u00f3 Szerbi\u00e1ba: Technical Fair Belgrade\">\r\n\n            <\/a>\n\n        <\/div>\n\n        <div class=\"info\">\n\n            <div class=\"title\"><a  href=\"https:\/\/dkik.hu\/hirek\/kamarai-uzleti-delegacio-szerbiaba-technical-fair-belgrade\">Kamarai \u00fczleti deleg\u00e1ci\u00f3 Szerbi\u00e1ba: Technical Fair Belgrade<\/a><\/div>\n\n            \n                <ul class=\"categories\">\n\n                    \n                        <li><a style=\"background: #8dc63f; color: #ffffff\" href=\"https:\/\/dkik.hu\/hirek\/kulpiac\">K\u00fclpiac<\/a><\/li>\n\n                    \n                    <li><span class=\"public-at\">2026. \u00e1prilis 14.<\/span><\/li>\n\n                <\/ul>\n\n            \n            <div class=\"desc\"><p>A Magyar Kereskedelmi \u00e9s Iparkamara a Nemzetgazdas\u00e1gi Miniszt\u00e9rium t\u00e1mogat\u00e1s\u00e1val szervez \u00fczleti deleg\u00e1ci\u00f3t t\u00e1mogatott r\u00e9szv\u00e9teli lehet\u0151s\u00e9ggel 2026.05.18-20-\u00e1ra: ipari technol\u00f3gi\u00e1k, m\u00e9rn\u00f6ki innov\u00e1ci\u00f3k, digitaliz\u00e1ci\u00f3 \u00e9s fejlett gy\u00e1rt\u00e1si megold\u00e1sok.<\/p><\/div>\n\n        <\/div>\n\n    <\/div>\n\n\n        <\/div>\r\n            <div class=\"col-md-6 col-xs-12 inline-col feed-item\">\r\n            <div class=\"clearfix\">\n\n        <div class=\"img\">\n\n            <a  href=\"https:\/\/dkik.hu\/hirek\/orszagos-agazati-alapvizsga-vizsgaelnoki-es-szakmai-vizsgafelugyeloi-nevjegyzekbe-jelentkezes\">\n\n                <img class=\"img-responsive img-center\" src=\"\/uploads\/feed_items\/small-kep2-17395236729624.jpg\" alt=\"Felh\u00edv\u00e1s Orsz\u00e1gos \u00c1gazati Alapvizsga Vizsgaeln\u00f6ki \u00e9s Szakmai Vizsgafel\u00fcgyel\u0151i N\u00e9vjegyz\u00e9kbe t\u00f6rt\u00e9n\u0151 jelentkez\u00e9sre\">\r\n\n            <\/a>\n\n        <\/div>\n\n        <div class=\"info\">\n\n            <div class=\"title\"><a  href=\"https:\/\/dkik.hu\/hirek\/orszagos-agazati-alapvizsga-vizsgaelnoki-es-szakmai-vizsgafelugyeloi-nevjegyzekbe-jelentkezes\">Felh\u00edv\u00e1s Orsz\u00e1gos \u00c1gazati Alapvizsga Vizsgaeln\u00f6ki \u00e9s Szakmai Vizsgafel\u00fcgyel\u0151i N\u00e9vjegyz\u00e9kbe t\u00f6rt\u00e9n\u0151 jelentkez\u00e9sre<\/a><\/div>\n\n            \n                <ul class=\"categories\">\n\n                    \n                        <li><a style=\"background: #8dc63f; color: #ffffff\" href=\"https:\/\/dkik.hu\/hirek\/helyi-kamara\">Helyi kamara<\/a><\/li>\n\n                    \n                    <li><span class=\"public-at\">2026. \u00e1prilis 10.<\/span><\/li>\n\n                <\/ul>\n\n            \n            <div class=\"desc\"><p>Magyar Kereskedelmi \u00e9s Iparkamara p\u00e1ly\u00e1zati felh\u00edv\u00e1sa Orsz\u00e1gos \u00c1gazati Alapvizsga Vizsgaeln\u00f6ki N\u00e9vjegyz\u00e9kbe, valamint Orsz\u00e1gos Szakmai Vizsgafel\u00fcgyel\u0151i N\u00e9vjegyz\u00e9kbe jelentkez\u00e9sre.<\/p><\/div>\n\n        <\/div>\n\n    <\/div>\n\n\n        <\/div>\r\n    <\/div>\r\n\r\n<ul class=\"pagination\">\r\n                    <li class=\"left\"><a href=\"https:\/\/dkik.hu\/api\/feeds\/page?page=3\" rel=\"prev\"><span class=\"icon icon-arrow-flat-left\"><\/span><\/a><\/li>\r\n        \r\n                    \r\n                                                                        <li><a href=\"https:\/\/dkik.hu\/api\/feeds\/page?page=1\">01<\/a><\/li>\r\n                                                                                <li><a href=\"https:\/\/dkik.hu\/api\/feeds\/page?page=2\">02<\/a><\/li>\r\n                                                                                <li><a href=\"https:\/\/dkik.hu\/api\/feeds\/page?page=3\">03<\/a><\/li>\r\n                                                                                <li class=\"active\"><span>04<\/span><\/li>\r\n                                                                                <li><a href=\"https:\/\/dkik.hu\/api\/feeds\/page?page=5\">05<\/a><\/li>\r\n                                                                                <li><a href=\"https:\/\/dkik.hu\/api\/feeds\/page?page=6\">06<\/a><\/li>\r\n                                                                                <li><a href=\"https:\/\/dkik.hu\/api\/feeds\/page?page=7\">07<\/a><\/li>\r\n                                                                                <li><a href=\"https:\/\/dkik.hu\/api\/feeds\/page?page=8\">08<\/a><\/li>\r\n                                                                                    <li class=\"disabled\"><span>...<\/span><\/li>\r\n            \r\n                                \r\n                                                                        <li><a href=\"https:\/\/dkik.hu\/api\/feeds\/page?page=197\">197<\/a><\/li>\r\n                                                                                <li><a href=\"https:\/\/dkik.hu\/api\/feeds\/page?page=198\">198<\/a><\/li>\r\n                                                        \r\n                    <li class=\"right\"><a href=\"https:\/\/dkik.hu\/api\/feeds\/page?page=5\" rel=\"next\"><span class=\"icon icon-arrow-flat-right\"><\/span><\/a><\/li>\r\n            <\/ul>\r\n\r\n","page":"4"}