{"content":"<div class=\"row inline-row\">\n                <div class=\"col-md-6 col-xs-12 inline-col feed-item\">\n            <div class=\"clearfix\">\r\n        <div class=\"img\">\r\n            <a  href=\"https:\/\/dkik.hu\/hirek\/epitesi-beruhazasok-koltsegnovekmenyenek-bejelentesi-kovetelmenyeinek-szabalyai\">\r\n                <img class=\"img-responsive img-center\" src=\"\/uploads\/feed_items\/small-architect-1280-16812195216278.jpg\" alt=\"\u00c9p\u00edt\u00e9si beruh\u00e1z\u00e1sok k\u00f6lts\u00e9gn\u00f6vekm\u00e9ny\u00e9nek bejelent\u00e9si k\u00f6vetelm\u00e9nyeinek szab\u00e1lyai\">\n            <\/a>\r\n        <\/div>\r\n        <div class=\"info\">\r\n            <div class=\"title\"><a  href=\"https:\/\/dkik.hu\/hirek\/epitesi-beruhazasok-koltsegnovekmenyenek-bejelentesi-kovetelmenyeinek-szabalyai\">\u00c9p\u00edt\u00e9si beruh\u00e1z\u00e1sok k\u00f6lts\u00e9gn\u00f6vekm\u00e9ny\u00e9nek bejelent\u00e9si k\u00f6vetelm\u00e9nyeinek szab\u00e1lyai<\/a><\/div>\r\n                            <ul class=\"categories\">\r\n                                            <li><a style=\"background: #8dc63f; color: #ffffff\" href=\"https:\/\/dkik.hu\/hirek\/gazdasag\">Gazdas\u00e1g<\/a><\/li>\r\n                                        <li><span class=\"public-at\">2023. \u00e1prilis 06.<\/span><\/li>\r\n                <\/ul>\r\n                        <div class=\"desc\"><p>Megjelent az \u00c9KM rendelet a h\u00e1bor\u00fa okozta \u00e1remelked\u00e9ssel \u00e9rintett \u00e9p\u00edt\u0151anyagok \u00e9s be\u00e9p\u00edt\u00e9sre ker\u00fcl\u0151 \u00e9p\u00edt\u0151ipari term\u00e9kek list\u00e1j\u00e1r\u00f3l, az \u00e9p\u00edt\u00e9si beruh\u00e1z\u00e1sok megval\u00f3s\u00edt\u00e1s\u00e1ra k\u00f6t\u00f6tt szerz\u0151d\u00e9sek m\u00f3dos\u00edt\u00e1sa kezdem\u00e9nyez\u00e9s\u00e9nek r\u00e9szletes szab\u00e1lyair\u00f3l.<\/p><\/div>\r\n        <\/div>\r\n    <\/div>\r\n        <\/div>\n            <div class=\"col-md-6 col-xs-12 inline-col feed-item\">\n            <div class=\"clearfix\">\r\n        <div class=\"img\">\r\n            <a  href=\"https:\/\/dkik.hu\/hirek\/tajekoztato-a-transzferar-adatszolgaltatashoz\">\r\n                <img class=\"img-responsive img-center\" src=\"\/uploads\/feed_items\/small-252896369495478-n-16812165189974.jpg\" alt=\"T\u00e1j\u00e9koztat\u00f3 a transzfer\u00e1r-adatszolg\u00e1ltat\u00e1shoz\">\n            <\/a>\r\n        <\/div>\r\n        <div class=\"info\">\r\n            <div class=\"title\"><a  href=\"https:\/\/dkik.hu\/hirek\/tajekoztato-a-transzferar-adatszolgaltatashoz\">T\u00e1j\u00e9koztat\u00f3 a transzfer\u00e1r-adatszolg\u00e1ltat\u00e1shoz<\/a><\/div>\r\n                            <ul class=\"categories\">\r\n                                            <li><a style=\"background: #8dc63f; color: #ffffff\" href=\"https:\/\/dkik.hu\/hirek\/gazdasag\">Gazdas\u00e1g<\/a><\/li>\r\n                                        <li><span class=\"public-at\">2023. \u00e1prilis 06.<\/span><\/li>\r\n                <\/ul>\r\n                        <div class=\"desc\"><p>A szok\u00e1sos piaci \u00e1r meghat\u00e1roz\u00e1s\u00e1val \u00f6sszef\u00fcgg\u0151 nyilv\u00e1ntart\u00e1si k\u00f6telezetts\u00e9gr\u0151l sz\u00f3l\u00f3 32\/2017. (X. 18.) NGM rendelet 8\u20138\/A. \u00a7-ai szab\u00e1lyozz\u00e1k a kapcsolt v\u00e1llalkoz\u00e1sok r\u00e9sz\u00e9re el\u0151\u00edrt transzfer\u00e1r-adatszolg\u00e1ltat\u00e1si k\u00f6telezetts\u00e9g r\u00e9szletszab\u00e1lyait.<\/p><\/div>\r\n        <\/div>\r\n    <\/div>\r\n        <\/div>\n            <div class=\"col-md-6 col-xs-12 inline-col feed-item\">\n            <div class=\"clearfix\">\r\n        <div class=\"img\">\r\n            <a  href=\"https:\/\/dkik.hu\/hirek\/letrejon-a-visszaeles-bejelento-rendszer\">\r\n                <img class=\"img-responsive img-center\" src=\"\/uploads\/feed_items\/small-lady-justice-1280-16812149892702.jpg\" alt=\"L\u00e9trej\u00f6n a vissza\u00e9l\u00e9s-bejelent\u0151 rendszer?\">\n            <\/a>\r\n        <\/div>\r\n        <div class=\"info\">\r\n            <div class=\"title\"><a  href=\"https:\/\/dkik.hu\/hirek\/letrejon-a-visszaeles-bejelento-rendszer\">L\u00e9trej\u00f6n a vissza\u00e9l\u00e9s-bejelent\u0151 rendszer?<\/a><\/div>\r\n                            <ul class=\"categories\">\r\n                                            <li><a style=\"background: #8dc63f; color: #ffffff\" href=\"https:\/\/dkik.hu\/hirek\/gazdasag\">Gazdas\u00e1g<\/a><\/li>\r\n                                        <li><span class=\"public-at\">2023. \u00e1prilis 06.<\/span><\/li>\r\n                <\/ul>\r\n                        <div class=\"desc\"><p>Az Eur\u00f3pai Uni\u00f3 2019 \u0151sz\u00e9n fogadta el az uni\u00f3s jog megs\u00e9rt\u00e9s\u00e9t bejelent\u0151 szem\u00e9lyek v\u00e9delm\u00e9r\u0151l sz\u00f3l\u00f3 ir\u00e1nyelvet, ez alapj\u00e1n elk\u00e9sz\u00fclt a k\u00f6z\u00e9rdek\u0171 bejelent\u00e9sekr\u0151l, valamint a vissza\u00e9l\u00e9sek bejelent\u00e9s\u00e9vel \u00f6sszef\u00fcgg\u0151 szab\u00e1lyokr\u00f3l sz\u00f3l\u00f3 t\u00f6rv\u00e9nyjavaslat.<\/p><\/div>\r\n        <\/div>\r\n    <\/div>\r\n        <\/div>\n            <div class=\"col-md-6 col-xs-12 inline-col feed-item\">\n            <div class=\"clearfix\">\r\n        <div class=\"img\">\r\n            <a  href=\"https:\/\/dkik.hu\/hirek\/mkik-gvi-2023-aprilisi-online-konjunktura-felvetel\">\r\n                <img class=\"img-responsive img-center\" src=\"\/uploads\/feed_items\/small-facebook-cover1-16805981997918.jpg\" alt=\"MKIK GVI: 2023. \u00e1prilisi online konjunkt\u00fara felv\u00e9tel\">\n            <\/a>\r\n        <\/div>\r\n        <div class=\"info\">\r\n            <div class=\"title\"><a  href=\"https:\/\/dkik.hu\/hirek\/mkik-gvi-2023-aprilisi-online-konjunktura-felvetel\">MKIK GVI: 2023. \u00e1prilisi online konjunkt\u00fara felv\u00e9tel<\/a><\/div>\r\n                            <ul class=\"categories\">\r\n                                            <li><a style=\"background: #8dc63f; color: #ffffff\" href=\"https:\/\/dkik.hu\/hirek\/gazdasag\">Gazdas\u00e1g<\/a><\/li>\r\n                                        <li><span class=\"public-at\">2023. \u00e1prilis 04.<\/span><\/li>\r\n                <\/ul>\r\n                        <div class=\"desc\"><p>A mostani adatfelv\u00e9tel t\u00e9mak\u00f6rei k\u00f6z\u00f6tt a minim\u00e1lb\u00e9r emel\u00e9s hat\u00e1sait \u00e9s a v\u00e1llalkoz\u00e1sok p\u00e9nz\u00fcgyi neh\u00e9zs\u00e9geit vizsg\u00e1lj\u00e1k kiemelten. K\u00e9rj\u00fck, szak\u00edtson id\u0151t a hazai v\u00e1llalkoz\u00e1sok helyzet\u00e9t felm\u00e9r\u0151 k\u00e9rd\u0151\u00edv kit\u00f6lt\u00e9s\u00e9re, mely 12-13 percet vesz ig\u00e9nybe.<\/p><\/div>\r\n        <\/div>\r\n    <\/div>\r\n        <\/div>\n            <div class=\"col-md-6 col-xs-12 inline-col feed-item\">\n            <div class=\"clearfix\">\r\n        <div class=\"img\">\r\n            <a  href=\"https:\/\/dkik.hu\/hirek\/electrosub-konferencia-es-kiallitas-az-ipar-40-jegyeben\">\r\n                <img class=\"img-responsive img-center\" src=\"\/uploads\/feed_items\/small-electrosub-16805960888132.jpg\" alt=\"ELECTROSUB konferencia \u00e9s ki\u00e1ll\u00edt\u00e1s: az Ipar 4.0 jegy\u00e9ben\">\n            <\/a>\r\n        <\/div>\r\n        <div class=\"info\">\r\n            <div class=\"title\"><a  href=\"https:\/\/dkik.hu\/hirek\/electrosub-konferencia-es-kiallitas-az-ipar-40-jegyeben\">ELECTROSUB konferencia \u00e9s ki\u00e1ll\u00edt\u00e1s: az Ipar 4.0 jegy\u00e9ben<\/a><\/div>\r\n                            <ul class=\"categories\">\r\n                                            <li><a style=\"background: #8dc63f; color: #ffffff\" href=\"https:\/\/dkik.hu\/hirek\/gazdasag\">Gazdas\u00e1g<\/a><\/li>\r\n                                        <li><span class=\"public-at\">2023. \u00e1prilis 04.<\/span><\/li>\r\n                <\/ul>\r\n                        <div class=\"desc\"><p>Az ELECTROSUB Konferencia \u00e9s Ki\u00e1ll\u00edt\u00e1s az innovat\u00edv technol\u00f3gi\u00e1k koncentr\u00e1lt szakmai \u00e9s \u00fczleti f\u00f3ruma, id\u00e9n imm\u00e1r 4. alkalommal ker\u00fcl megrendez\u00e9sre a Lurdy-h\u00e1zban 2023. okt\u00f3ber 11-12-\u00e9n. \u00d6nk\u00e9ntes kamarai tagoknak kedvezm\u00e9nyes aj\u00e1nlat!<\/p><\/div>\r\n        <\/div>\r\n    <\/div>\r\n        <\/div>\n            <div class=\"col-md-6 col-xs-12 inline-col feed-item\">\n            <div class=\"clearfix\">\r\n        <div class=\"img\">\r\n            <a  href=\"https:\/\/dkik.hu\/hirek\/7-kina-kozep-kelet-europa-uzleti-tanacs-ules\">\r\n                <img class=\"img-responsive img-center\" src=\"\/uploads\/feed_items\/small-city-1280-16805972042631.jpg\" alt=\"7. K\u00edna \u2013 K\u00f6z\u00e9p-Kelet-Eur\u00f3pa \u00dczleti Tan\u00e1cs \u00dcl\u00e9s\">\n            <\/a>\r\n        <\/div>\r\n        <div class=\"info\">\r\n            <div class=\"title\"><a  href=\"https:\/\/dkik.hu\/hirek\/7-kina-kozep-kelet-europa-uzleti-tanacs-ules\">7. K\u00edna \u2013 K\u00f6z\u00e9p-Kelet-Eur\u00f3pa \u00dczleti Tan\u00e1cs \u00dcl\u00e9s<\/a><\/div>\r\n                            <ul class=\"categories\">\r\n                                            <li><a style=\"background: #8dc63f; color: #ffffff\" href=\"https:\/\/dkik.hu\/hirek\/kulpiac\">K\u00fclpiac<\/a><\/li>\r\n                                        <li><span class=\"public-at\">2023. \u00e1prilis 03.<\/span><\/li>\r\n                <\/ul>\r\n                        <div class=\"desc\"><p>Az esem\u00e9ny az idei \u00e9vben hibrid form\u00e1ban ker\u00fcl megrendez\u00e9sre. Az el\u0151ad\u00e1sok mellett az \u00e9rdekl\u0151d\u0151 c\u00e9gek online B2B-tal\u00e1lkoz\u00f3kon is r\u00e9szt vehetnek majd k\u00ednai c\u00e9ges partnerekkel.<\/p><\/div>\r\n        <\/div>\r\n    <\/div>\r\n        <\/div>\n            <div class=\"col-md-6 col-xs-12 inline-col feed-item\">\n            <div class=\"clearfix\">\r\n        <div class=\"img\">\r\n            <a  href=\"https:\/\/dkik.hu\/hirek\/tajekoztatas-a-biztonsagos-munkavegzesrol-a-gepjarmu-javitasban\">\r\n                <img class=\"img-responsive img-center\" src=\"\/uploads\/feed_items\/small-car-1280-16805965980585.jpg\" alt=\"T\u00e1j\u00e9koztat\u00e1s a biztons\u00e1gos munkav\u00e9gz\u00e9sr\u0151l a g\u00e9pj\u00e1rm\u0171-jav\u00edt\u00e1sban\">\n            <\/a>\r\n        <\/div>\r\n        <div class=\"info\">\r\n            <div class=\"title\"><a  href=\"https:\/\/dkik.hu\/hirek\/tajekoztatas-a-biztonsagos-munkavegzesrol-a-gepjarmu-javitasban\">T\u00e1j\u00e9koztat\u00e1s a biztons\u00e1gos munkav\u00e9gz\u00e9sr\u0151l a g\u00e9pj\u00e1rm\u0171-jav\u00edt\u00e1sban<\/a><\/div>\r\n                            <ul class=\"categories\">\r\n                                            <li><a style=\"background: #8dc63f; color: #ffffff\" href=\"https:\/\/dkik.hu\/hirek\/gazdasag\">Gazdas\u00e1g<\/a><\/li>\r\n                                        <li><span class=\"public-at\">2023. \u00e1prilis 03.<\/span><\/li>\r\n                <\/ul>\r\n                        <div class=\"desc\"><p>A Gazdas\u00e1gfejleszt\u00e9si Miniszt\u00e9rium Munkav\u00e9delmi Ir\u00e1ny\u00edt\u00e1si F\u0151oszt\u00e1ly kiadv\u00e1nya: az alapvet\u0151 munkav\u00e9delmi ismeretekr\u0151l a \u201eBiztons\u00e1gos munkav\u00e9gz\u00e9s a g\u00e9pj\u00e1rm\u0171-jav\u00edt\u00e1sban\u201d t\u00e9m\u00e1j\u00fa \u00fatmutat\u00f3b\u00f3l kaphat t\u00e1j\u00e9koztat\u00e1st.<\/p><\/div>\r\n        <\/div>\r\n    <\/div>\r\n        <\/div>\n            <div class=\"col-md-6 col-xs-12 inline-col feed-item\">\n            <div class=\"clearfix\">\r\n        <div class=\"img\">\r\n            <a  href=\"https:\/\/dkik.hu\/hirek\/uzleti-lehetosegek-a-sved-allami-kozlekedesi-beruhazasokban\">\r\n                <img class=\"img-responsive img-center\" src=\"\/uploads\/feed_items\/small-train-1280-16805990331035.jpg\" alt=\"\u00dczleti lehet\u0151s\u00e9gek a sv\u00e9d \u00e1llami k\u00f6zleked\u00e9si beruh\u00e1z\u00e1sokban\">\n            <\/a>\r\n        <\/div>\r\n        <div class=\"info\">\r\n            <div class=\"title\"><a  href=\"https:\/\/dkik.hu\/hirek\/uzleti-lehetosegek-a-sved-allami-kozlekedesi-beruhazasokban\">\u00dczleti lehet\u0151s\u00e9gek a sv\u00e9d \u00e1llami k\u00f6zleked\u00e9si beruh\u00e1z\u00e1sokban<\/a><\/div>\r\n                            <ul class=\"categories\">\r\n                                            <li><a style=\"background: #8dc63f; color: #ffffff\" href=\"https:\/\/dkik.hu\/hirek\/uzleti-ajanlatok\">\u00dczleti aj\u00e1nlatok<\/a><\/li>\r\n                                            <li><a style=\"background: #8dc63f; color: #ffffff\" href=\"https:\/\/dkik.hu\/hirek\/kulpiac\">K\u00fclpiac<\/a><\/li>\r\n                                        <li><span class=\"public-at\">2023. m\u00e1rcius 30.<\/span><\/li>\r\n                <\/ul>\r\n                        <div class=\"desc\"><p>A Sv\u00e9d K\u00f6zleked\u00e9si Hivatal munkat\u00e1rsa online el\u0151ad\u00e1s keret\u00e9ben ad t\u00e1j\u00e9koztat\u00e1st a sv\u00e9dorsz\u00e1gi k\u00f6zutak \u00e9s vasutak \u00e9p\u00edt\u00e9s\u00e9re, \u00fczemeltet\u00e9s\u00e9re \u00e9s karbantart\u00e1s\u00e1ra ki\u00edrt aktu\u00e1lis tenderekr\u0151l \u00e9s besz\u00e1ll\u00edt\u00f3i lehet\u0151s\u00e9gekr\u0151l a magyar v\u00e1llalatok sz\u00e1m\u00e1ra.<\/p><\/div>\r\n        <\/div>\r\n    <\/div>\r\n        <\/div>\n    <\/div>\n\n<ul class=\"pagination\">\n                    <li class=\"left\"><a href=\"https:\/\/dkik.hu\/api\/feeds\/page?page=60\" rel=\"prev\"><span class=\"icon icon-arrow-flat-left\"><\/span><\/a><\/li>\n        \n                    \n                                                                        <li><a href=\"https:\/\/dkik.hu\/api\/feeds\/page?page=1\">01<\/a><\/li>\n                                                                                <li><a href=\"https:\/\/dkik.hu\/api\/feeds\/page?page=2\">02<\/a><\/li>\n                                                                                    <li class=\"disabled\"><span>...<\/span><\/li>\n            \n                                \n                                                                        <li><a href=\"https:\/\/dkik.hu\/api\/feeds\/page?page=58\">58<\/a><\/li>\n                                                                                <li><a href=\"https:\/\/dkik.hu\/api\/feeds\/page?page=59\">59<\/a><\/li>\n                                                                                <li><a href=\"https:\/\/dkik.hu\/api\/feeds\/page?page=60\">60<\/a><\/li>\n                                                                                <li class=\"active\"><span>61<\/span><\/li>\n                                                                                <li><a href=\"https:\/\/dkik.hu\/api\/feeds\/page?page=62\">62<\/a><\/li>\n                                                                                <li><a href=\"https:\/\/dkik.hu\/api\/feeds\/page?page=63\">63<\/a><\/li>\n                                                                                <li><a href=\"https:\/\/dkik.hu\/api\/feeds\/page?page=64\">64<\/a><\/li>\n                                                                                    <li class=\"disabled\"><span>...<\/span><\/li>\n            \n                                \n                                                                        <li><a href=\"https:\/\/dkik.hu\/api\/feeds\/page?page=193\">193<\/a><\/li>\n                                                                                <li><a href=\"https:\/\/dkik.hu\/api\/feeds\/page?page=194\">194<\/a><\/li>\n                                                        \n                    <li class=\"right\"><a href=\"https:\/\/dkik.hu\/api\/feeds\/page?page=62\" rel=\"next\"><span class=\"icon icon-arrow-flat-right\"><\/span><\/a><\/li>\n            <\/ul>\n\n","page":"61"}