{"content":"<div class=\"row inline-row\">\n            <div class=\"col-md-6 col-xs-12 inline-col feed-item\">\n            <div class=\"clearfix\">\n    <div class=\"col-xs-5 img\">\n        <a  href=\"https:\/\/dkik.hu\/index.php\/hirek\/ado-es-szamviteli-tanac\">\n            <img class=\"img-responsive img-center\" src=\"\/uploads\/events\/small-small-dkik-honlap-17641670582104.jpg\" alt=\"Ad\u00f3 \u00e9s sz\u00e1mviteli tan\u00e1csad\u00e1s\">\n        <\/a>\n    <\/div>\n    <div class=\"col-xs-7 info\">\n        <div class=\"title\"><a  href=\"https:\/\/dkik.hu\/index.php\/esemenyek\/rendezvenyek\/ado-es-szamviteli-tanac\">Ad\u00f3 \u00e9s sz\u00e1mviteli tan\u00e1csad\u00e1s<\/a><\/div>\n                    <ul class=\"categories\">\n                <li><a style=\"background: #911a1d; color: #ffffff\" href=\"https:\/\/dkik.hu\/index.php\/esemenyek\/rendezvenyek\">Rendezv\u00e9nyek<\/a><\/li>\n                <li><span class=\"public-at\">2025. november 24.<\/span><\/li>\n            <\/ul>\n                <div class=\"desc\"><p>Kiv\u00e9telesen szerd\u00e1n!<\/p>\r\n\r\n<p>\u00dcgyint\u00e9z\u0151: Liz\u00e1k Istv\u00e1nn\u00e9 okleveles k\u00f6nyvvizsg\u00e1l\u00f3<\/p>\r\n\r\n<p>Szem\u00e9lyes tan\u00e1csad\u00e1s minden p\u00e1ros h\u00e9t cs\u00fct\u00f6rt\u00f6k\u00e9n 14:00 \u00e9s 16:00 \u00f3ra k\u00f6z\u00f6tt a Kamara sz\u00e9kh\u00e1z\u00e1ban.<\/p>\r\n\r\n<p>Inform\u00e1ci\u00f3: 25\/ 502-060\/0, <a href=\"mailto:dkik@dkik.hu\">dkik@dkik.hu<\/a><\/p><\/div>\n    <\/div>\n<\/div>        <\/div>\n            <div class=\"col-md-6 col-xs-12 inline-col feed-item\">\n            <div class=\"clearfix\">\n    <div class=\"col-xs-5 img\">\n        <a  href=\"https:\/\/dkik.hu\/index.php\/hirek\/konyvelokkel-a-dualis-kepzesert-ingyenes-szakmai-tajekoztato\">\n            <img class=\"img-responsive img-center\" src=\"\/uploads\/events\/small-generaciovaltas-folyamata-sikerfaktorai-es-buktatoi-17641673813579.png\" alt=\"K\u00f6nyvel\u0151kkel a du\u00e1lis k\u00e9pz\u00e9s\u00e9rt: ingyenes szakmai t\u00e1j\u00e9koztat\u00f3\">\n        <\/a>\n    <\/div>\n    <div class=\"col-xs-7 info\">\n        <div class=\"title\"><a  href=\"https:\/\/dkik.hu\/index.php\/esemenyek\/rendezvenyek\/konyvelokkel-a-dualis-kepzesert-ingyenes-szakmai-tajekoztato\">K\u00f6nyvel\u0151kkel a du\u00e1lis k\u00e9pz\u00e9s\u00e9rt: ingyenes szakmai t\u00e1j\u00e9koztat\u00f3<\/a><\/div>\n                    <ul class=\"categories\">\n                <li><a style=\"background: #911a1d; color: #ffffff\" href=\"https:\/\/dkik.hu\/index.php\/esemenyek\/rendezvenyek\">Rendezv\u00e9nyek<\/a><\/li>\n                <li><span class=\"public-at\">2025. november 17.<\/span><\/li>\n            <\/ul>\n                <div class=\"desc\"><p>A Duna\u00fajv\u00e1rosi Kereskedelmi \u00e9s Iparkamara K\u00f6nyvel\u0151kkel a du\u00e1lis k\u00e9pz\u00e9s\u00e9rt c\u00edmmel ingyenes szakmai t\u00e1j\u00e9koztat\u00f3t tart a du\u00e1lis k\u00e9pz\u00e9s p\u00e9nz\u00fcgyi, elsz\u00e1mol\u00e1si \u00e9s adminisztr\u00e1ci\u00f3s k\u00e9rd\u00e9seir\u0151l 2025. november 26-\u00e1n 9 -13 \u00f3r\u00e1ig a kamara el\u0151ad\u00f3term\u00e9ben.<\/p><\/div>\n    <\/div>\n<\/div>        <\/div>\n            <div class=\"col-md-6 col-xs-12 inline-col feed-item\">\n            <div class=\"clearfix\">\n    <div class=\"col-xs-5 img\">\n        <a  href=\"https:\/\/dkik.hu\/index.php\/hirek\/vezetoi-innovativ-gondolkodasmod-kkv-vezetofejleszto-workshopsorozat\">\n            <img class=\"img-responsive img-center\" src=\"\/uploads\/events\/small-woman-1280-17641675890954.jpg\" alt=\"Vezet\u0151i innovat\u00edv gondolkod\u00e1sm\u00f3d: KKV Vezet\u0151fejleszt\u0151 workshopsorozat\">\n        <\/a>\n    <\/div>\n    <div class=\"col-xs-7 info\">\n        <div class=\"title\"><a  href=\"https:\/\/dkik.hu\/index.php\/esemenyek\/rendezvenyek\/vezetoi-innovativ-gondolkodasmod-kkv-vezetofejleszto-workshopsorozat\">Vezet\u0151i innovat\u00edv gondolkod\u00e1sm\u00f3d: KKV Vezet\u0151fejleszt\u0151 workshopsorozat<\/a><\/div>\n                    <ul class=\"categories\">\n                <li><a style=\"background: #911a1d; color: #ffffff\" href=\"https:\/\/dkik.hu\/index.php\/esemenyek\/rendezvenyek\">Rendezv\u00e9nyek<\/a><\/li>\n                <li><span class=\"public-at\">2025. november 13.<\/span><\/li>\n            <\/ul>\n                <div class=\"desc\"><p>A workshopsorozat utols\u00f3 elem\u00e9ben a vezet\u0151i innovat\u00edv gondolkod\u00e1sm\u00f3d a t\u00e9ma: 2025. november 20., cs\u00fct\u00f6rt\u00f6k, 9.00-12.00, Duna\u00fajv\u00e1ros, DKIK sz\u00e9kh\u00e1z. A programra annak is lehet jelentkezni, aki nem vett r\u00e9szt a kor\u00e1bbi workshopokon!<\/p><\/div>\n    <\/div>\n<\/div>        <\/div>\n            <div class=\"col-md-6 col-xs-12 inline-col feed-item\">\n            <div class=\"clearfix\">\n    <div class=\"col-xs-5 img\">\n        <a  href=\"https:\/\/dkik.hu\/index.php\/hirek\/google-ads-fokuszban-a-digitalis-vevoszerzes-workshopsorozat\">\n            <img class=\"img-responsive img-center\" src=\"\/uploads\/events\/small-small-13-shutterstock-17641678041158.jpg\" alt=\"Google Ads: F\u00f3kuszban a digit\u00e1lis vev\u0151szerz\u00e9s workshopsorozat\">\n        <\/a>\n    <\/div>\n    <div class=\"col-xs-7 info\">\n        <div class=\"title\"><a  href=\"https:\/\/dkik.hu\/index.php\/esemenyek\/rendezvenyek\/google-ads-fokuszban-a-digitalis-vevoszerzes-workshopsorozat\">Google Ads: F\u00f3kuszban a digit\u00e1lis vev\u0151szerz\u00e9s workshopsorozat<\/a><\/div>\n                    <ul class=\"categories\">\n                <li><a style=\"background: #911a1d; color: #ffffff\" href=\"https:\/\/dkik.hu\/index.php\/esemenyek\/rendezvenyek\">Rendezv\u00e9nyek<\/a><\/li>\n                <li><span class=\"public-at\">2025. november 11.<\/span><\/li>\n            <\/ul>\n                <div class=\"desc\"><p>A F\u00f3kuszban a digit\u00e1lis vev\u0151szerz\u00e9s workshopsorozat utols\u00f3 elem\u00e9n a Google Ads hat\u00e9kony haszn\u00e1lat\u00e1r\u00f3l lesz sz\u00f3 a Duna\u00fajv\u00e1rosi Kereskedelmi \u00e9s iparkamara sz\u00e9kh\u00e1z\u00e1ban, 2025. november 19-\u00e9n, szerd\u00e1n 9 \u00e9s 13 \u00f3ra k\u00f6z\u00f6tt.<\/p><\/div>\n    <\/div>\n<\/div>        <\/div>\n            <div class=\"col-md-6 col-xs-12 inline-col feed-item\">\n            <div class=\"clearfix\">\n    <div class=\"col-xs-5 img\">\n        <a  href=\"https:\/\/dkik.hu\/index.php\/hirek\/uzleti-tervezes-es-piackutatas-mesterseges-intelligenciaval-dunaujvaros\">\n            <img class=\"img-responsive img-center\" src=\"\/uploads\/events\/small-small-03-shutterstock-17641680116327.jpg\" alt=\"\u00dczleti tervez\u00e9s \u00e9s piackutat\u00e1s mesters\u00e9ges intelligenci\u00e1val - DUNA\u00daJV\u00c1ROS\">\n        <\/a>\n    <\/div>\n    <div class=\"col-xs-7 info\">\n        <div class=\"title\"><a  href=\"https:\/\/dkik.hu\/index.php\/esemenyek\/rendezvenyek\/uzleti-tervezes-es-piackutatas-mesterseges-intelligenciaval-dunaujvaros\">\u00dczleti tervez\u00e9s \u00e9s piackutat\u00e1s mesters\u00e9ges intelligenci\u00e1val - DUNA\u00daJV\u00c1ROS<\/a><\/div>\n                    <ul class=\"categories\">\n                <li><a style=\"background: #911a1d; color: #ffffff\" href=\"https:\/\/dkik.hu\/index.php\/esemenyek\/rendezvenyek\">Rendezv\u00e9nyek<\/a><\/li>\n                <li><span class=\"public-at\">2025. november 03.<\/span><\/li>\n            <\/ul>\n                <div class=\"desc\"><p>Gyakorlatorient\u00e1lt workshopot tartunk&nbsp;<strong>2025. november 17-\u00e9n h\u00e9tf\u0151n DUNA\u00daJV\u00c1ROSBAN 13.00 \u00f3r\u00e1t\u00f3l a Duna\u00fajv\u00e1rosi Kereskedelmi \u00e9s Iparkamar\u00e1ban.&nbsp;<\/strong>A program&nbsp;seg\u00edt a v\u00e1llalkoz\u00e1sok \u00fczleti tervez\u00e9s\u00e9ben \u00e9s abban, hogy&nbsp;a&nbsp;r\u00e9sztvev\u0151k megismerkedjenek a mesters\u00e9ges intelligencia ny\u00fajtotta gyakorlati lehet\u0151s\u00e9gekkel \u00e9s ezeket k\u00e9pesek legyenek a saj\u00e1t v\u00e1llalkoz\u00e1sukban implement\u00e1lni.<\/p><\/div>\n    <\/div>\n<\/div>        <\/div>\n            <div class=\"col-md-6 col-xs-12 inline-col feed-item\">\n            <div class=\"clearfix\">\n    <div class=\"col-xs-5 img\">\n        <a  href=\"https:\/\/dkik.hu\/index.php\/hirek\/finanszirozas-a-gyakorlatban\">\n            <img class=\"img-responsive img-center\" src=\"\/uploads\/events\/small-small-03-shutterstock-1-17641681873543.jpg\" alt=\"Finansz\u00edroz\u00e1s a gyakorlatban\">\n        <\/a>\n    <\/div>\n    <div class=\"col-xs-7 info\">\n        <div class=\"title\"><a  href=\"https:\/\/dkik.hu\/index.php\/esemenyek\/rendezvenyek\/finanszirozas-a-gyakorlatban\">Finansz\u00edroz\u00e1s a gyakorlatban<\/a><\/div>\n                    <ul class=\"categories\">\n                <li><a style=\"background: #911a1d; color: #ffffff\" href=\"https:\/\/dkik.hu\/index.php\/esemenyek\/rendezvenyek\">Rendezv\u00e9nyek<\/a><\/li>\n                <li><span class=\"public-at\">2025. okt\u00f3ber 20.<\/span><\/li>\n            <\/ul>\n                <div class=\"desc\"><p>Milyen lehet\u0151s\u00e9gei vannak egy v\u00e1llalkoz\u00e1snak, ha forr\u00e1st keres? Hogyan m\u0171k\u00f6dik a Demj\u00e1n S\u00e1ndor T\u0151keprogram? Mit k\u00edn\u00e1lnak a Sz\u00e9chenyi K\u00e1rtya Program t\u00e1mogatott hitelei? Szakmai program 2025. november 4-\u00e9n 10.00 \u00f3r\u00e1t\u00f3l, Duna\u00fajv\u00e1rosban.<\/p><\/div>\n    <\/div>\n<\/div>        <\/div>\n            <div class=\"col-md-6 col-xs-12 inline-col feed-item\">\n            <div class=\"clearfix\">\n    <div class=\"col-xs-5 img\">\n        <a  href=\"https:\/\/dkik.hu\/index.php\/hirek\/szakmai-eloadas-dualis-kepzohelyek-szamara-az-e-kreta-hasznalatarol\">\n            <img class=\"img-responsive img-center\" src=\"\/uploads\/events\/small-small-kreta-kozepes-kep-1-17642357062077.jpg\" alt=\"Szakmai el\u0151ad\u00e1s du\u00e1lis k\u00e9pz\u0151helyek sz\u00e1m\u00e1ra az e-Kr\u00e9ta haszn\u00e1lat\u00e1r\u00f3l\">\n        <\/a>\n    <\/div>\n    <div class=\"col-xs-7 info\">\n        <div class=\"title\"><a  href=\"https:\/\/dkik.hu\/index.php\/esemenyek\/rendezvenyek\/szakmai-eloadas-dualis-kepzohelyek-szamara-az-e-kreta-hasznalatarol\">Szakmai el\u0151ad\u00e1s du\u00e1lis k\u00e9pz\u0151helyek sz\u00e1m\u00e1ra az e-Kr\u00e9ta haszn\u00e1lat\u00e1r\u00f3l<\/a><\/div>\n                    <ul class=\"categories\">\n                <li><a style=\"background: #911a1d; color: #ffffff\" href=\"https:\/\/dkik.hu\/index.php\/esemenyek\/rendezvenyek\">Rendezv\u00e9nyek<\/a><\/li>\n                <li><span class=\"public-at\">2025. okt\u00f3ber 20.<\/span><\/li>\n            <\/ul>\n                <div class=\"desc\"><p>A Duna\u00fajv\u00e1rosi Kereskedelmi \u00e9s Iparkamara szakmai rendezv\u00e9nyt szervez a KR\u00c9TA rendszer haszn\u00e1lat\u00e1r\u00f3l du\u00e1lis k\u00e9pz\u0151helyek, szakk\u00e9pz\u0151 int\u00e9zm\u00e9nyek sz\u00e1m\u00e1ra, id\u0151pont: 2025. okt\u00f3ber 22. szerda 10 \u00f3ra.<\/p><\/div>\n    <\/div>\n<\/div>        <\/div>\n            <div class=\"col-md-6 col-xs-12 inline-col feed-item\">\n            <div class=\"clearfix\">\n    <div class=\"col-xs-5 img\">\n        <a  href=\"https:\/\/dkik.hu\/index.php\/hirek\/epr-es-kornyezetvedelmi-termekdij-vallalkozoi-workshop\">\n            <img class=\"img-responsive img-center\" src=\"\/uploads\/events\/small-small-small-08-shutterstock-17642355622266.jpg\" alt=\"EPR \u00e9s k\u00f6rnyezetv\u00e9delmi term\u00e9kd\u00edj - v\u00e1llalkoz\u00f3i workshop\">\n        <\/a>\n    <\/div>\n    <div class=\"col-xs-7 info\">\n        <div class=\"title\"><a  href=\"https:\/\/dkik.hu\/index.php\/esemenyek\/rendezvenyek\/epr-es-kornyezetvedelmi-termekdij-vallalkozoi-workshop\">EPR \u00e9s k\u00f6rnyezetv\u00e9delmi term\u00e9kd\u00edj - v\u00e1llalkoz\u00f3i workshop<\/a><\/div>\n                    <ul class=\"categories\">\n                <li><a style=\"background: #911a1d; color: #ffffff\" href=\"https:\/\/dkik.hu\/index.php\/esemenyek\/rendezvenyek\">Rendezv\u00e9nyek<\/a><\/li>\n                <li><span class=\"public-at\">2025. okt\u00f3ber 20.<\/span><\/li>\n            <\/ul>\n                <div class=\"desc\"><p>A kiterjesztett gy\u00e1rt\u00f3i felel\u0151ss\u00e9g rendszer\u00e9r\u0151l, v\u00e1ltoz\u00e1sair\u00f3l \u00e9s a k\u00f6rnyezetv\u00e9delmi term\u00e9kd\u00edj m\u00f3dos\u00edt\u00e1s\u00e1r\u00f3l hallhatnak el\u0151ad\u00e1st az \u00e9rdekl\u0151d\u0151k a Duna\u00fajv\u00e1rosi Kereskedelmi \u00e9s Iparkamara sz\u00e9kh\u00e1z\u00e1ban 2025. november 6-\u00e1n, cs\u00fct\u00f6rt\u00f6k\u00f6n 10 \u00f3r\u00e1t\u00f3l.<\/p><\/div>\n    <\/div>\n<\/div>        <\/div>\n    <\/div>\n\n<ul class=\"pagination\">\n                    <li class=\"left\"><a href=\"https:\/\/dkik.hu\/index.php\/api\/events\/page?page=1\" rel=\"prev\"><span class=\"icon icon-arrow-flat-left\"><\/span><\/a><\/li>\n        \n                    \n                                                                        <li><a href=\"https:\/\/dkik.hu\/index.php\/api\/events\/page?page=1\">01<\/a><\/li>\n                                                                                <li class=\"active\"><span>02<\/span><\/li>\n                                                                                <li><a href=\"https:\/\/dkik.hu\/index.php\/api\/events\/page?page=3\">03<\/a><\/li>\n                                                                                <li><a href=\"https:\/\/dkik.hu\/index.php\/api\/events\/page?page=4\">04<\/a><\/li>\n                                                                                <li><a href=\"https:\/\/dkik.hu\/index.php\/api\/events\/page?page=5\">05<\/a><\/li>\n                                                                                <li><a href=\"https:\/\/dkik.hu\/index.php\/api\/events\/page?page=6\">06<\/a><\/li>\n                                                                                <li><a href=\"https:\/\/dkik.hu\/index.php\/api\/events\/page?page=7\">07<\/a><\/li>\n                                                        \n                    <li class=\"right\"><a href=\"https:\/\/dkik.hu\/index.php\/api\/events\/page?page=3\" rel=\"next\"><span class=\"icon icon-arrow-flat-right\"><\/span><\/a><\/li>\n            <\/ul>\n\n","page":"2"}