{"content":"<div class=\"row inline-row\">\n            <div class=\"col-md-6 col-xs-12 inline-col feed-item\">\n            <div class=\"clearfix\">\n    <div class=\"col-xs-5 img\">\n        <a  href=\"https:\/\/dkik.hu\/index.php\/hirek\/jogszabalyvaltozasok-az-epitoiparban-vallalkozoi-workshop\">\n            <img class=\"img-responsive img-center\" src=\"\/uploads\/events\/small-small-small-shutterstock-17642354114883.jpg\" alt=\"Jogszab\u00e1lyv\u00e1ltoz\u00e1sok az \u00e9p\u00edt\u0151iparban - v\u00e1llalkoz\u00f3i workshop\">\n        <\/a>\n    <\/div>\n    <div class=\"col-xs-7 info\">\n        <div class=\"title\"><a  href=\"https:\/\/dkik.hu\/index.php\/esemenyek\/rendezvenyek\/jogszabalyvaltozasok-az-epitoiparban-vallalkozoi-workshop\">Jogszab\u00e1lyv\u00e1ltoz\u00e1sok az \u00e9p\u00edt\u0151iparban - v\u00e1llalkoz\u00f3i workshop<\/a><\/div>\n                    <ul class=\"categories\">\n                <li><a style=\"background: #911a1d; color: #ffffff\" href=\"https:\/\/dkik.hu\/index.php\/esemenyek\/rendezvenyek\">Rendezv\u00e9nyek<\/a><\/li>\n                <li><span class=\"public-at\">2025. okt\u00f3ber 20.<\/span><\/li>\n            <\/ul>\n                <div class=\"desc\"><p>Az \u00e9p\u00edt\u0151ipart \u00e9rint\u0151 jogszab\u00e1lyi v\u00e1ltoz\u00e1sokr\u00f3l v\u00e1llalkoz\u00f3i workshopot tartanak a Duna\u00fajv\u00e1rosi Kereskedelmi \u00e9s Iparkamara sz\u00e9kh\u00e1z\u00e1ban 2025. november 6-\u00e1n 14 \u00f3r\u00e1t\u00f3l: aj\u00e1nljuk \u00e9p\u00edt\u00e9szeknek, m\u00e9rn\u00f6k\u00f6knek, a kivitelez\u00e9sben tev\u00e9kenyked\u0151 v\u00e1llalkoz\u00f3knak.<\/p><\/div>\n    <\/div>\n<\/div>        <\/div>\n            <div class=\"col-md-6 col-xs-12 inline-col feed-item\">\n            <div class=\"clearfix\">\n    <div class=\"col-xs-5 img\">\n        <a  href=\"https:\/\/dkik.hu\/index.php\/hirek\/generacios-mozaik-ero-a-kulonbsegekben\">\n            <img class=\"img-responsive img-center\" src=\"\/uploads\/events\/small-small-dunaujvarosikik-nov11-1080x1080-2-17642358646525.png\" alt=\"Gener\u00e1ci\u00f3s Mozaik \u2013 Er\u0151 a k\u00fcl\u00f6nbs\u00e9gekben\">\n        <\/a>\n    <\/div>\n    <div class=\"col-xs-7 info\">\n        <div class=\"title\"><a  href=\"https:\/\/dkik.hu\/index.php\/esemenyek\/rendezvenyek\/generacios-mozaik-ero-a-kulonbsegekben\">Gener\u00e1ci\u00f3s Mozaik \u2013 Er\u0151 a k\u00fcl\u00f6nbs\u00e9gekben<\/a><\/div>\n                    <ul class=\"categories\">\n                <li><a style=\"background: #911a1d; color: #ffffff\" href=\"https:\/\/dkik.hu\/index.php\/esemenyek\/rendezvenyek\">Rendezv\u00e9nyek<\/a><\/li>\n                <li><span class=\"public-at\">2025. okt\u00f3ber 13.<\/span><\/li>\n            <\/ul>\n                <div class=\"desc\"><p>Feln\u0151ttk\u00e9pz\u00e9si program a gener\u00e1ci\u00f3k egy\u00fcttm\u0171k\u00f6d\u00e9s\u00e9r\u0151l: a program c\u00e9lja, hogy seg\u00edtsen meg\u00e9rteni, mik\u00e9nt tudnak a k\u00fcl\u00f6nb\u00f6z\u0151 gener\u00e1ci\u00f3k hat\u00e9konyan egy\u00fcttm\u0171k\u00f6dni a munkahelyen, a v\u00e1llalkoz\u00e1sokban \u00e9s a mindennapi \u00e9letben.<\/p><\/div>\n    <\/div>\n<\/div>        <\/div>\n            <div class=\"col-md-6 col-xs-12 inline-col feed-item\">\n            <div class=\"clearfix\">\n    <div class=\"col-xs-5 img\">\n        <a  href=\"https:\/\/dkik.hu\/index.php\/hirek\/meghivo-bolgarmagyar-uzleti-forum\">\n            <img class=\"img-responsive img-center\" src=\"\/uploads\/events\/small-small-bolgar-magyar-fb-17642371237539.jpg\" alt=\"Megh\u00edv\u00f3: Bolg\u00e1r\u2013Magyar \u00fczleti f\u00f3rum\">\n        <\/a>\n    <\/div>\n    <div class=\"col-xs-7 info\">\n        <div class=\"title\"><a  href=\"https:\/\/dkik.hu\/index.php\/esemenyek\/kulpiaci-esemenyek\/meghivo-bolgarmagyar-uzleti-forum\">Megh\u00edv\u00f3: Bolg\u00e1r\u2013Magyar \u00fczleti f\u00f3rum<\/a><\/div>\n                    <ul class=\"categories\">\n                <li><a style=\"background: #0a6e15; color: #ffffff\" href=\"https:\/\/dkik.hu\/index.php\/esemenyek\/kulpiaci-esemenyek\">K\u00fclpiaci esem\u00e9nyek<\/a><\/li>\n                <li><span class=\"public-at\">2025. okt\u00f3ber 03.<\/span><\/li>\n            <\/ul>\n                <div class=\"desc\"><p>A B\u00e1cs-Kiskun V\u00e1rmegyei Kereskedelmi \u00e9s Iparkamara 2025. okt\u00f3ber 16-\u00e1n a Bolg\u00e1r K\u00f6zt\u00e1rsas\u00e1g Nagyk\u00f6vets\u00e9g\u00e9vel egy\u00fcttm\u0171k\u00f6dve Gazdas\u00e1gi F\u00f3rumot szervez, amelynek a Neumann J\u00e1nos Egyetem ad otthont.<\/p><\/div>\n    <\/div>\n<\/div>        <\/div>\n            <div class=\"col-md-6 col-xs-12 inline-col feed-item\">\n            <div class=\"clearfix\">\n    <div class=\"col-xs-5 img\">\n        <a  href=\"https:\/\/dkik.hu\/index.php\/hirek\/uzleti-siker-a-mesterseges-intelligenciaval\">\n            <img class=\"img-responsive img-center\" src=\"\/uploads\/events\/small-small-2025-09-25-17642360469918.jpg\" alt=\"\u00dczleti siker a mesters\u00e9ges intelligenci\u00e1val\">\n        <\/a>\n    <\/div>\n    <div class=\"col-xs-7 info\">\n        <div class=\"title\"><a  href=\"https:\/\/dkik.hu\/index.php\/esemenyek\/rendezvenyek\/uzleti-siker-a-mesterseges-intelligenciaval\">\u00dczleti siker a mesters\u00e9ges intelligenci\u00e1val<\/a><\/div>\n                    <ul class=\"categories\">\n                <li><a style=\"background: #911a1d; color: #ffffff\" href=\"https:\/\/dkik.hu\/index.php\/esemenyek\/rendezvenyek\">Rendezv\u00e9nyek<\/a><\/li>\n                <li><span class=\"public-at\">2025. szeptember 25.<\/span><\/li>\n            <\/ul>\n                <div class=\"desc\"><p>A Magyar Kereskedelmi \u00e9s Iparkamara \u201eDigit\u00e1lis \u00c9breszt\u0151!\u201d c\u00edm\u0171 mesters\u00e9ges intelligencia szemin\u00e1riuma Duna\u00fajv\u00e1rosban, amely \u00fczleti folyamatokban is alkalmazhat\u00f3 megold\u00e1sokat k\u00edn\u00e1l Kerek Istv\u00e1n AI-szak\u00e9rt\u0151 szakmai ir\u00e1ny\u00edt\u00e1s\u00e1val: 2025. okt\u00f3ber 8.<\/p><\/div>\n    <\/div>\n<\/div>        <\/div>\n            <div class=\"col-md-6 col-xs-12 inline-col feed-item\">\n            <div class=\"clearfix\">\n    <div class=\"col-xs-5 img\">\n        <a  href=\"https:\/\/dkik.hu\/index.php\/hirek\/generaciovaltas-folyamata-sikerfaktorai-es-buktatoi\">\n            <img class=\"img-responsive img-center\" src=\"\/uploads\/events\/small-small-small-shutterstock-17642375820167.jpg\" alt=\"Gener\u00e1ci\u00f3v\u00e1lt\u00e1s folyamata, sikerfaktorai \u00e9s buktat\u00f3i\">\n        <\/a>\n    <\/div>\n    <div class=\"col-xs-7 info\">\n        <div class=\"title\"><a  href=\"https:\/\/dkik.hu\/index.php\/esemenyek\/rendezvenyek\/generaciovaltas-folyamata-sikerfaktorai-es-buktatoi\">Gener\u00e1ci\u00f3v\u00e1lt\u00e1s folyamata, sikerfaktorai \u00e9s buktat\u00f3i<\/a><\/div>\n                    <ul class=\"categories\">\n                <li><a style=\"background: #911a1d; color: #ffffff\" href=\"https:\/\/dkik.hu\/index.php\/esemenyek\/rendezvenyek\">Rendezv\u00e9nyek<\/a><\/li>\n                <li><span class=\"public-at\">2025. szeptember 16.<\/span><\/li>\n            <\/ul>\n                <div class=\"desc\"><p>Hogyan lehet tudatosan felk\u00e9sz\u00fclni a c\u00e9gut\u00f3dl\u00e1sra? A gener\u00e1ci\u00f3v\u00e1lt\u00e1s folyamata, sikerfaktorai \u00e9s buktat\u00f3i, gyakorlati tapasztalatokkal \u2013 Gener\u00e1ci\u00f3s H\u00edd program workshop kamar\u00e1nkn\u00e1l 2025. szeptember 30-\u00e1n, kedden 13 \u00f3r\u00e1t\u00f3l.<\/p><\/div>\n    <\/div>\n<\/div>        <\/div>\n            <div class=\"col-md-6 col-xs-12 inline-col feed-item\">\n            <div class=\"clearfix\">\n    <div class=\"col-xs-5 img\">\n        <a  href=\"https:\/\/dkik.hu\/index.php\/hirek\/mesterseges-intelligencia-szabalyozasa-adatvedelem-es-szerzoi-jog\">\n            <img class=\"img-responsive img-center\" src=\"\/uploads\/events\/small-small-small-istock-17642368970771.jpg\" alt=\"Mesters\u00e9ges intelligencia szab\u00e1lyoz\u00e1sa, adatv\u00e9delem \u00e9s szerz\u0151i jog\">\n        <\/a>\n    <\/div>\n    <div class=\"col-xs-7 info\">\n        <div class=\"title\"><a  href=\"https:\/\/dkik.hu\/index.php\/esemenyek\/rendezvenyek\/mesterseges-intelligencia-szabalyozasa-adatvedelem-es-szerzoi-jog\">Mesters\u00e9ges intelligencia szab\u00e1lyoz\u00e1sa, adatv\u00e9delem \u00e9s szerz\u0151i jog<\/a><\/div>\n                    <ul class=\"categories\">\n                <li><a style=\"background: #911a1d; color: #ffffff\" href=\"https:\/\/dkik.hu\/index.php\/esemenyek\/rendezvenyek\">Rendezv\u00e9nyek<\/a><\/li>\n                <li><span class=\"public-at\">2025. szeptember 16.<\/span><\/li>\n            <\/ul>\n                <div class=\"desc\"><p>Tudja, hogy kit illetnek a szerz\u0151i jogok az MI-vel el\u0151\u00e1ll\u00edtott tartalmak eset\u00e9ben?&nbsp;Mire kell figyelnie az adatv\u00e9delem ter\u00fclet\u00e9n? J\u00e1rjuk k\u00f6rbe egy\u00fctt a t\u00e9m\u00e1t a workshopon, 2025. okt\u00f3ber 2-\u00e1n a Duna\u00fajv\u00e1rosi Kereskedelmi \u00e9s Iparkamar\u00e1n\u00e1l.<\/p><\/div>\n    <\/div>\n<\/div>        <\/div>\n            <div class=\"col-md-6 col-xs-12 inline-col feed-item\">\n            <div class=\"clearfix\">\n    <div class=\"col-xs-5 img\">\n        <a  href=\"https:\/\/dkik.hu\/index.php\/hirek\/induljon-felkeszulten-a-palyazatokon\">\n            <img class=\"img-responsive img-center\" src=\"\/uploads\/events\/small-small-small-office-1280-17642377357731.jpg\" alt=\"Induljon felk\u00e9sz\u00fclten a p\u00e1ly\u00e1zatokon!\">\n        <\/a>\n    <\/div>\n    <div class=\"col-xs-7 info\">\n        <div class=\"title\"><a  href=\"https:\/\/dkik.hu\/index.php\/esemenyek\/rendezvenyek\/induljon-felkeszulten-a-palyazatokon\">Induljon felk\u00e9sz\u00fclten a p\u00e1ly\u00e1zatokon!<\/a><\/div>\n                    <ul class=\"categories\">\n                <li><a style=\"background: #911a1d; color: #ffffff\" href=\"https:\/\/dkik.hu\/index.php\/esemenyek\/rendezvenyek\">Rendezv\u00e9nyek<\/a><\/li>\n                <li><span class=\"public-at\">2025. szeptember 15.<\/span><\/li>\n            <\/ul>\n                <div class=\"desc\"><p>EU-s \u00e9s nemzetk\u00f6zi p\u00e1ly\u00e1zatok \u2013 gyakorlatorient\u00e1lt workshop 2025. szeptember 25-\u00e9n 9 \u00f3r\u00e1t\u00f3l a Duna\u00fajv\u00e1rosi Kereskedelmi \u00e9s Iparkamar\u00e1n\u00e1l. Els\u0151 k\u00e9zb\u0151l kaphatnak inform\u00e1ci\u00f3t szak\u00e9rt\u0151 p\u00e1ly\u00e1zati tan\u00e1csad\u00f3kt\u00f3l.<\/p><\/div>\n    <\/div>\n<\/div>        <\/div>\n            <div class=\"col-md-6 col-xs-12 inline-col feed-item\">\n            <div class=\"clearfix\">\n    <div class=\"col-xs-5 img\">\n        <a  href=\"https:\/\/dkik.hu\/index.php\/hirek\/munkavedelmi-klub-alakul-a-kamaranal\">\n            <img class=\"img-responsive img-center\" src=\"\/uploads\/events\/small-small-munkavedelmi1-17642379401154.jpg\" alt=\"Munkav\u00e9delmi Klub alakul a kamar\u00e1n\u00e1l\">\n        <\/a>\n    <\/div>\n    <div class=\"col-xs-7 info\">\n        <div class=\"title\"><a  href=\"https:\/\/dkik.hu\/index.php\/esemenyek\/rendezvenyek\/munkavedelmi-klub-alakul-a-kamaranal\">Munkav\u00e9delmi Klub alakul a kamar\u00e1n\u00e1l<\/a><\/div>\n                    <ul class=\"categories\">\n                <li><a style=\"background: #911a1d; color: #ffffff\" href=\"https:\/\/dkik.hu\/index.php\/esemenyek\/rendezvenyek\">Rendezv\u00e9nyek<\/a><\/li>\n                <li><span class=\"public-at\">2025. \u00e1prilis 30.<\/span><\/li>\n            <\/ul>\n                <div class=\"desc\"><p>A Duna\u00fajv\u00e1rosi Kereskedelmi \u00e9s Iparkamara kezdem\u00e9nyez\u00e9s\u00e9re megalakul a Munkav\u00e9delmi Klub, amelynek c\u00e9lja a munkav\u00e9delem fontoss\u00e1g\u00e1nak hangs\u00falyoz\u00e1sa, a tapasztalatcsere el\u0151seg\u00edt\u00e9se, valamint a biztons\u00e1gos munkak\u00f6rnyezet folyamatos fejleszt\u00e9se.<\/p><\/div>\n    <\/div>\n<\/div>        <\/div>\n    <\/div>\n\n<ul class=\"pagination\">\n                    <li class=\"left\"><a href=\"https:\/\/dkik.hu\/index.php\/api\/events\/page?page=2\" rel=\"prev\"><span class=\"icon icon-arrow-flat-left\"><\/span><\/a><\/li>\n        \n                    \n                                                                        <li><a href=\"https:\/\/dkik.hu\/index.php\/api\/events\/page?page=1\">01<\/a><\/li>\n                                                                                <li><a href=\"https:\/\/dkik.hu\/index.php\/api\/events\/page?page=2\">02<\/a><\/li>\n                                                                                <li class=\"active\"><span>03<\/span><\/li>\n                                                                                <li><a href=\"https:\/\/dkik.hu\/index.php\/api\/events\/page?page=4\">04<\/a><\/li>\n                                                                                <li><a href=\"https:\/\/dkik.hu\/index.php\/api\/events\/page?page=5\">05<\/a><\/li>\n                                                                                <li><a href=\"https:\/\/dkik.hu\/index.php\/api\/events\/page?page=6\">06<\/a><\/li>\n                                                                                <li><a href=\"https:\/\/dkik.hu\/index.php\/api\/events\/page?page=7\">07<\/a><\/li>\n                                                        \n                    <li class=\"right\"><a href=\"https:\/\/dkik.hu\/index.php\/api\/events\/page?page=4\" rel=\"next\"><span class=\"icon icon-arrow-flat-right\"><\/span><\/a><\/li>\n            <\/ul>\n\n","page":"3"}