{"content":"<div class=\"row inline-row\">\n            <div class=\"col-md-6 col-xs-12 inline-col feed-item\">\n            <div class=\"clearfix\">\n    <div class=\"col-xs-5 img\">\n        <a  href=\"https:\/\/dkik.hu\/index.php\/hirek\/bevezetes-a-mesterseges-intelligencia-hasznalataba-workshop-a-kamaranal\">\n            <img class=\"img-responsive img-center\" src=\"\/uploads\/events\/small-small-artificial-1280-17642390491459.jpg\" alt=\"Bevezet\u00e9s a mesters\u00e9ges intelligencia haszn\u00e1lat\u00e1ba \u2013 workshop a kamar\u00e1n\u00e1l\">\n        <\/a>\n    <\/div>\n    <div class=\"col-xs-7 info\">\n        <div class=\"title\"><a  href=\"https:\/\/dkik.hu\/index.php\/esemenyek\/rendezvenyek\/bevezetes-a-mesterseges-intelligencia-hasznalataba-workshop-a-kamaranal\">Bevezet\u00e9s a mesters\u00e9ges intelligencia haszn\u00e1lat\u00e1ba \u2013 workshop a kamar\u00e1n\u00e1l<\/a><\/div>\n                    <ul class=\"categories\">\n                <li><a style=\"background: #911a1d; color: #ffffff\" href=\"https:\/\/dkik.hu\/index.php\/esemenyek\/rendezvenyek\">Rendezv\u00e9nyek<\/a><\/li>\n                <li><span class=\"public-at\">2025. \u00e1prilis 25.<\/span><\/li>\n            <\/ul>\n                <div class=\"desc\"><p>Besz\u00e9lgess b\u00e1tran az MI-vel! Egynapos, 4x1 \u00f3r\u00e1s, k\u00f6nnyed \u00e9s gyakorlati k\u00e9pz\u00e9s \u2013 azoknak, akik most kezdik az ismerked\u00e9st az MI vil\u00e1g\u00e1val. 2025. m\u00e1jus 13. 10.00-14.30 \u00f3ra, Duna\u00fajv\u00e1rosi Kereskedelmi \u00e9s Iparkamara sz\u00e9kh\u00e1za.<\/p><\/div>\n    <\/div>\n<\/div>        <\/div>\n            <div class=\"col-md-6 col-xs-12 inline-col feed-item\">\n            <div class=\"clearfix\">\n    <div class=\"col-xs-5 img\">\n        <a  href=\"https:\/\/dkik.hu\/index.php\/hirek\/digitalis-technologiai-trendek-klub-adatvedelem-es-informaciobiztonsag\">\n            <img class=\"img-responsive img-center\" src=\"\/uploads\/events\/small-small-technologiai-17642401098988.png\" alt=\"Digit\u00e1lis Technol\u00f3giai Trendek Klub: adatv\u00e9delem \u00e9s inform\u00e1ci\u00f3biztons\u00e1g\">\n        <\/a>\n    <\/div>\n    <div class=\"col-xs-7 info\">\n        <div class=\"title\"><a  href=\"https:\/\/dkik.hu\/index.php\/esemenyek\/rendezvenyek\/digitalis-technologiai-trendek-klub-adatvedelem-es-informaciobiztonsag\">Digit\u00e1lis Technol\u00f3giai Trendek Klub: adatv\u00e9delem \u00e9s inform\u00e1ci\u00f3biztons\u00e1g<\/a><\/div>\n                    <ul class=\"categories\">\n                <li><a style=\"background: #911a1d; color: #ffffff\" href=\"https:\/\/dkik.hu\/index.php\/esemenyek\/rendezvenyek\">Rendezv\u00e9nyek<\/a><\/li>\n                <li><span class=\"public-at\">2025. \u00e1prilis 17.<\/span><\/li>\n            <\/ul>\n                <div class=\"desc\"><p>Duna\u00fajv\u00e1rosi Kereskedelmi \u00e9s Iparkamara szervez\u00e9s\u00e9ben a Digit\u00e1lis Technol\u00f3giai Trendek Klub v\u00e1llalkoz\u00f3i f\u00f3rum\u00e1n M\u00e1ndi Zsolt, Frontend csoportvezet\u0151, vezet\u0151 UX\/UX designer tart el\u0151ad\u00e1st 2025. m\u00e1jus 6-\u00e1n 14 \u00f3r\u00e1t\u00f3l.<\/p><\/div>\n    <\/div>\n<\/div>        <\/div>\n            <div class=\"col-md-6 col-xs-12 inline-col feed-item\">\n            <div class=\"clearfix\">\n    <div class=\"col-xs-5 img\">\n        <a  href=\"https:\/\/dkik.hu\/index.php\/hirek\/noi-vallalkozoi-klub-wow-hatas-az-uzleti-eletben\">\n            <img class=\"img-responsive img-center\" src=\"\/uploads\/events\/small-small-meghivo-noi2-17642402514322.jpg\" alt=\"N\u0151i V\u00e1llalkoz\u00f3i Klub: WOW hat\u00e1s az \u00fczleti \u00e9letben\">\n        <\/a>\n    <\/div>\n    <div class=\"col-xs-7 info\">\n        <div class=\"title\"><a  href=\"https:\/\/dkik.hu\/index.php\/esemenyek\/rendezvenyek\/noi-vallalkozoi-klub-wow-hatas-az-uzleti-eletben\">N\u0151i V\u00e1llalkoz\u00f3i Klub: WOW hat\u00e1s az \u00fczleti \u00e9letben<\/a><\/div>\n                    <ul class=\"categories\">\n                <li><a style=\"background: #911a1d; color: #ffffff\" href=\"https:\/\/dkik.hu\/index.php\/esemenyek\/rendezvenyek\">Rendezv\u00e9nyek<\/a><\/li>\n                <li><span class=\"public-at\">2025. \u00e1prilis 10.<\/span><\/li>\n            <\/ul>\n                <div class=\"desc\"><p>A Duna\u00fajv\u00e1rosi Kereskedelmi \u00e9s Iparkamara szervez\u00e9s\u00e9ben megval\u00f3sul\u00f3 N\u0151i V\u00e1llalkoz\u00f3 Klub k\u00f6vetkez\u0151 el\u0151ad\u00f3ja 2025. m\u00e1jus 14-\u00e9n 14 \u00f3r\u00e1t\u00f3l B\u00e9k\u00e9si Brigitta \u2013 \u00fczletasszony, a Beautyrobic alap\u00edt\u00f3ja, \u00e9s a m\u00e1ra m\u00e1r bestseller WOW hat\u00e1s k\u00f6nyv szerz\u0151je.<\/p><\/div>\n    <\/div>\n<\/div>        <\/div>\n            <div class=\"col-md-6 col-xs-12 inline-col feed-item\">\n            <div class=\"clearfix\">\n    <div class=\"col-xs-5 img\">\n        <a  href=\"https:\/\/dkik.hu\/index.php\/hirek\/ketnapos-online-marketing-trening\">\n            <img class=\"img-responsive img-center\" src=\"\/uploads\/events\/small-small-1-darab-zsuzsa-matyko-noemi-portre-extra-high-res-013-17642404536441.jpg\" alt=\"K\u00e9tnapos online marketing tr\u00e9ning\">\n        <\/a>\n    <\/div>\n    <div class=\"col-xs-7 info\">\n        <div class=\"title\"><a  href=\"https:\/\/dkik.hu\/index.php\/esemenyek\/rendezvenyek\/ketnapos-online-marketing-trening\">K\u00e9tnapos online marketing tr\u00e9ning<\/a><\/div>\n                    <ul class=\"categories\">\n                <li><a style=\"background: #911a1d; color: #ffffff\" href=\"https:\/\/dkik.hu\/index.php\/esemenyek\/rendezvenyek\">Rendezv\u00e9nyek<\/a><\/li>\n                <li><span class=\"public-at\">2025. m\u00e1rcius 21.<\/span><\/li>\n            <\/ul>\n                <div class=\"desc\"><p>A Duna\u00fajv\u00e1rosi Kereskedelmi \u00e9s Iparkamara k\u00e9tnapos szakmai tr\u00e9ninget szervez online marketing t\u00e9m\u00e1ban. Id\u0151pontok: 2025. \u00e1prilis 14.&nbsp; 13-16 \u00f3ra, 2025. \u00e1prilis 15. 10-13 \u00f3ra, helysz\u00edn a kamara sz\u00e9kh\u00e1za (Latinovits Z. u. 10.).<\/p><\/div>\n    <\/div>\n<\/div>        <\/div>\n            <div class=\"col-md-6 col-xs-12 inline-col feed-item\">\n            <div class=\"clearfix\">\n    <div class=\"col-xs-5 img\">\n        <a  href=\"https:\/\/dkik.hu\/index.php\/hirek\/vallalkozasfejlesztesi-tajekoztato-demjan-program-ginop-plusz\">\n            <img class=\"img-responsive img-center\" src=\"\/uploads\/events\/small-small-demjan-2-17642406509581.jpg\" alt=\"V\u00e1llalkoz\u00e1sfejleszt\u00e9si t\u00e1j\u00e9koztat\u00f3: Demj\u00e1n Program, GINOP Plusz\">\n        <\/a>\n    <\/div>\n    <div class=\"col-xs-7 info\">\n        <div class=\"title\"><a  href=\"https:\/\/dkik.hu\/index.php\/esemenyek\/rendezvenyek\/vallalkozasfejlesztesi-tajekoztato-demjan-program-ginop-plusz\">V\u00e1llalkoz\u00e1sfejleszt\u00e9si t\u00e1j\u00e9koztat\u00f3: Demj\u00e1n Program, GINOP Plusz<\/a><\/div>\n                    <ul class=\"categories\">\n                <li><a style=\"background: #911a1d; color: #ffffff\" href=\"https:\/\/dkik.hu\/index.php\/esemenyek\/rendezvenyek\">Rendezv\u00e9nyek<\/a><\/li>\n                <li><span class=\"public-at\">2025. m\u00e1rcius 06.<\/span><\/li>\n            <\/ul>\n                <div class=\"desc\"><p>Kamar\u00e1nk tisztelettel megh\u00edvja \u00d6nt, vagy v\u00e1llalkoz\u00e1sa k\u00e9pvisel\u0151j\u00e9t v\u00e1llalkoz\u00e1sfejleszt\u00e9si t\u00e1j\u00e9koztat\u00f3 f\u00f3rumunkra: 2025. m\u00e1rcius 20.&nbsp; 14.00-15.30 \u00f3ra. T\u00e9m\u00e1k: Demj\u00e1n S\u00e1ndor Program bemutat\u00e1sa, GINOP Plusz \u00e9s egy\u00e9b p\u00e1ly\u00e1zati lehet\u0151s\u00e9gek.<\/p><\/div>\n    <\/div>\n<\/div>        <\/div>\n            <div class=\"col-md-6 col-xs-12 inline-col feed-item\">\n            <div class=\"clearfix\">\n    <div class=\"col-xs-5 img\">\n        <a  href=\"https:\/\/dkik.hu\/index.php\/hirek\/mesterseges-intelligencia-adat-alapu-vallalati-technikak-workshop\">\n            <img class=\"img-responsive img-center\" src=\"\/uploads\/events\/small-small-data-edih-f-17642408260416.jpg\" alt=\"Mesters\u00e9ges Intelligencia \u2013 Adat alap\u00fa v\u00e1llalati technik\u00e1k workshop\">\n        <\/a>\n    <\/div>\n    <div class=\"col-xs-7 info\">\n        <div class=\"title\"><a  href=\"https:\/\/dkik.hu\/index.php\/esemenyek\/rendezvenyek\/mesterseges-intelligencia-adat-alapu-vallalati-technikak-workshop\">Mesters\u00e9ges Intelligencia \u2013 Adat alap\u00fa v\u00e1llalati technik\u00e1k workshop<\/a><\/div>\n                    <ul class=\"categories\">\n                <li><a style=\"background: #911a1d; color: #ffffff\" href=\"https:\/\/dkik.hu\/index.php\/esemenyek\/rendezvenyek\">Rendezv\u00e9nyek<\/a><\/li>\n                <li><span class=\"public-at\">2025. m\u00e1rcius 05.<\/span><\/li>\n            <\/ul>\n                <div class=\"desc\"><p>Kamar\u00e1nk szakmai workshopot rendez a Data-EDIH projekt keret\u00e9ben: Mesters\u00e9ges Intelligencia \u2013 Adat alap\u00fa v\u00e1llalati technik\u00e1k. Id\u0151pont: 2025. m\u00e1rcius 18.&nbsp; 14.00-16.00 \u00f3ra, el\u0151ad\u00f3k:&nbsp;Bencsik Gergely, N\u00e9meth Ferenc, Hadob\u00e1s B\u00e9la, Luk\u00e1cs Rita.<\/p><\/div>\n    <\/div>\n<\/div>        <\/div>\n            <div class=\"col-md-6 col-xs-12 inline-col feed-item\">\n            <div class=\"clearfix\">\n    <div class=\"col-xs-5 img\">\n        <a  href=\"https:\/\/dkik.hu\/index.php\/hirek\/vallalkozasfejlesztesi-strategiak-kkv-k-szamara-workshop\">\n            <img class=\"img-responsive img-center\" src=\"\/uploads\/events\/small-small-job-1280-17642410144468.jpg\" alt=\"V\u00e1llalkoz\u00e1sfejleszt\u00e9si strat\u00e9gi\u00e1k KKV-k sz\u00e1m\u00e1ra \u2013 workshop\">\n        <\/a>\n    <\/div>\n    <div class=\"col-xs-7 info\">\n        <div class=\"title\"><a  href=\"https:\/\/dkik.hu\/index.php\/esemenyek\/rendezvenyek\/vallalkozasfejlesztesi-strategiak-kkv-k-szamara-workshop\">V\u00e1llalkoz\u00e1sfejleszt\u00e9si strat\u00e9gi\u00e1k KKV-k sz\u00e1m\u00e1ra \u2013 workshop<\/a><\/div>\n                    <ul class=\"categories\">\n                <li><a style=\"background: #911a1d; color: #ffffff\" href=\"https:\/\/dkik.hu\/index.php\/esemenyek\/rendezvenyek\">Rendezv\u00e9nyek<\/a><\/li>\n                <li><span class=\"public-at\">2025. febru\u00e1r 26.<\/span><\/li>\n            <\/ul>\n                <div class=\"desc\"><p>Duna\u00fajv\u00e1rosi Kereskedelmi \u00e9s Iparkamara tisztelettel megh\u00edvja \u00d6nt, vagy v\u00e1llalkoz\u00e1sa k\u00e9pvisel\u0151j\u00e9t V\u00e1llalkoz\u00e1sfejleszt\u00e9si strat\u00e9gi\u00e1k KKV-k sz\u00e1m\u00e1ra \u2013 \u00dczletfejleszt\u00e9si tan\u00e1csad\u00e1s \u2013 workshopunkra. Id\u0151pont: 2025. m\u00e1rcius 12.&nbsp; 13.00-16.00 \u00f3ra.<\/p><\/div>\n    <\/div>\n<\/div>        <\/div>\n            <div class=\"col-md-6 col-xs-12 inline-col feed-item\">\n            <div class=\"clearfix\">\n    <div class=\"col-xs-5 img\">\n        <a  href=\"https:\/\/dkik.hu\/index.php\/hirek\/workshop-kamaranknal-a-mesterseges-intelligenciaban-rejlo-potencial\">\n            <img class=\"img-responsive img-center\" src=\"\/uploads\/events\/small-small-artificial-intelligence-1280-17642411548054.jpg\" alt=\"Workshop kamar\u00e1nkn\u00e1l: a mesters\u00e9ges intelligenci\u00e1ban rejl\u0151 potenci\u00e1l\">\n        <\/a>\n    <\/div>\n    <div class=\"col-xs-7 info\">\n        <div class=\"title\"><a  href=\"https:\/\/dkik.hu\/index.php\/esemenyek\/rendezvenyek\/workshop-kamaranknal-a-mesterseges-intelligenciaban-rejlo-potencial\">Workshop kamar\u00e1nkn\u00e1l: a mesters\u00e9ges intelligenci\u00e1ban rejl\u0151 potenci\u00e1l<\/a><\/div>\n                    <ul class=\"categories\">\n                <li><a style=\"background: #911a1d; color: #ffffff\" href=\"https:\/\/dkik.hu\/index.php\/esemenyek\/rendezvenyek\">Rendezv\u00e9nyek<\/a><\/li>\n                <li><span class=\"public-at\">2025. febru\u00e1r 24.<\/span><\/li>\n            <\/ul>\n                <div class=\"desc\"><p>Hogyan haszn\u00e1ljuk a mesters\u00e9ges intelligenci\u00e1ban rejl\u0151 potenci\u00e1lt? Mi a ChatGPT? A kamar\u00e1nk \u00e1ltal szervezett t\u00e9r\u00edt\u00e9smentes workshopon (2025. m\u00e1rcius 5.&nbsp; 13.00-16.00 \u00f3ra) gyakorlati p\u00e9ld\u00e1kon, k\u00f6z\u00f6s munka sor\u00e1n tapasztalhatja meg!<\/p><\/div>\n    <\/div>\n<\/div>        <\/div>\n    <\/div>\n\n<ul class=\"pagination\">\n                    <li class=\"left\"><a href=\"https:\/\/dkik.hu\/index.php\/api\/events\/page?page=3\" rel=\"prev\"><span class=\"icon icon-arrow-flat-left\"><\/span><\/a><\/li>\n        \n                    \n                                                                        <li><a href=\"https:\/\/dkik.hu\/index.php\/api\/events\/page?page=1\">01<\/a><\/li>\n                                                                                <li><a href=\"https:\/\/dkik.hu\/index.php\/api\/events\/page?page=2\">02<\/a><\/li>\n                                                                                <li><a href=\"https:\/\/dkik.hu\/index.php\/api\/events\/page?page=3\">03<\/a><\/li>\n                                                                                <li class=\"active\"><span>04<\/span><\/li>\n                                                                                <li><a href=\"https:\/\/dkik.hu\/index.php\/api\/events\/page?page=5\">05<\/a><\/li>\n                                                                                <li><a href=\"https:\/\/dkik.hu\/index.php\/api\/events\/page?page=6\">06<\/a><\/li>\n                                                                                <li><a href=\"https:\/\/dkik.hu\/index.php\/api\/events\/page?page=7\">07<\/a><\/li>\n                                                        \n                    <li class=\"right\"><a href=\"https:\/\/dkik.hu\/index.php\/api\/events\/page?page=5\" rel=\"next\"><span class=\"icon icon-arrow-flat-right\"><\/span><\/a><\/li>\n            <\/ul>\n\n","page":"4"}