{"content":"<div class=\"row inline-row\">\n            <div class=\"col-md-6 col-xs-12 inline-col feed-item\">\n            <div class=\"clearfix\">\n    <div class=\"col-xs-5 img\">\n        <a  href=\"https:\/\/dkik.hu\/index.php\/hirek\/tajekoztato-eloadas-indulo-vallalkozasoknak\">\n            <img class=\"img-responsive img-center\" src=\"\/uploads\/events\/small-small-small-dkik-honlap2-17642412923603.jpg\" alt=\"T\u00e1j\u00e9koztat\u00f3 el\u0151ad\u00e1s indul\u00f3 v\u00e1llalkoz\u00e1soknak\">\n        <\/a>\n    <\/div>\n    <div class=\"col-xs-7 info\">\n        <div class=\"title\"><a  href=\"https:\/\/dkik.hu\/index.php\/esemenyek\/rendezvenyek\/tajekoztato-eloadas-indulo-vallalkozasoknak\">T\u00e1j\u00e9koztat\u00f3 el\u0151ad\u00e1s indul\u00f3 v\u00e1llalkoz\u00e1soknak<\/a><\/div>\n                    <ul class=\"categories\">\n                <li><a style=\"background: #911a1d; color: #ffffff\" href=\"https:\/\/dkik.hu\/index.php\/esemenyek\/rendezvenyek\">Rendezv\u00e9nyek<\/a><\/li>\n                <li><span class=\"public-at\">2025. febru\u00e1r 04.<\/span><\/li>\n            <\/ul>\n                <div class=\"desc\"><p>Kamar\u00e1nk ism\u00e9t t\u00e1j\u00e9koztat\u00f3 el\u0151ad\u00e1st, konzult\u00e1ci\u00f3t szervez kezd\u0151 v\u00e1llalkoz\u00e1sok sz\u00e1m\u00e1ra, melyen a v\u00e1llalkoz\u00e1s ind\u00edt\u00e1s\u00e1hoz \u00e9s az alapvet\u0151 m\u0171k\u00f6dtet\u00e9shez sz\u00fcks\u00e9ges legfontosabb inform\u00e1ci\u00f3kr\u00f3l hallhatnak a r\u00e9sztvev\u0151k 2025. febru\u00e1r 13-\u00e1n.<\/p><\/div>\n    <\/div>\n<\/div>        <\/div>\n            <div class=\"col-md-6 col-xs-12 inline-col feed-item\">\n            <div class=\"clearfix\">\n    <div class=\"col-xs-5 img\">\n        <a  href=\"https:\/\/dkik.hu\/index.php\/hirek\/digitalis-siker-a-noi-vallalkozoknak-kozossegi-media-strategiak-2025-re\">\n            <img class=\"img-responsive img-center\" src=\"\/uploads\/events\/small-small-1-darab-zsuzsa-matyko-noemi-portre-extra-high-res-013-17642414655044.jpg\" alt=\"Digit\u00e1lis siker a n\u0151i v\u00e1llalkoz\u00f3knak: K\u00f6z\u00f6ss\u00e9gi M\u00e9dia strat\u00e9gi\u00e1k 2025-re\">\n        <\/a>\n    <\/div>\n    <div class=\"col-xs-7 info\">\n        <div class=\"title\"><a  href=\"https:\/\/dkik.hu\/index.php\/esemenyek\/rendezvenyek\/digitalis-siker-a-noi-vallalkozoknak-kozossegi-media-strategiak-2025-re\">Digit\u00e1lis siker a n\u0151i v\u00e1llalkoz\u00f3knak: K\u00f6z\u00f6ss\u00e9gi M\u00e9dia strat\u00e9gi\u00e1k 2025-re<\/a><\/div>\n                    <ul class=\"categories\">\n                <li><a style=\"background: #911a1d; color: #ffffff\" href=\"https:\/\/dkik.hu\/index.php\/esemenyek\/rendezvenyek\">Rendezv\u00e9nyek<\/a><\/li>\n                <li><span class=\"public-at\">2025. janu\u00e1r 16.<\/span><\/li>\n            <\/ul>\n                <div class=\"desc\"><p>A N\u0151i V\u00e1llalkoz\u00f3i Klub k\u00f6vetkez\u0151 rendezv\u00e9nye: 2025. febru\u00e1r 4-\u00e9n, kedd 14 \u00f3ra, el\u0151ad\u00f3nk Matyk\u00f3 No\u00e9mi, aki nagyj\u00e1b\u00f3l 200 hazai c\u00e9get \u00e9rint\u0151 t\u00f6bbezer sikeres kamp\u00e1nnyal \u00e9s 15 \u00e9ves szakmai tapasztalat\u00e1val osztja meg praktikus tan\u00e1csait.<\/p><\/div>\n    <\/div>\n<\/div>        <\/div>\n            <div class=\"col-md-6 col-xs-12 inline-col feed-item\">\n            <div class=\"clearfix\">\n    <div class=\"col-xs-5 img\">\n        <a  href=\"https:\/\/dkik.hu\/index.php\/hirek\/az-adotorvenyek-2025-evi-valtozasai-kamarai-eloadas\">\n            <img class=\"img-responsive img-center\" src=\"\/uploads\/events\/small-small-bookkeeping-1280-17642416331208.jpg\" alt=\"Az ad\u00f3t\u00f6rv\u00e9nyek 2025. \u00e9vi v\u00e1ltoz\u00e1sai \u2013 kamarai el\u0151ad\u00e1s\">\n        <\/a>\n    <\/div>\n    <div class=\"col-xs-7 info\">\n        <div class=\"title\"><a  href=\"https:\/\/dkik.hu\/index.php\/esemenyek\/rendezvenyek\/az-adotorvenyek-2025-evi-valtozasai-kamarai-eloadas\">Az ad\u00f3t\u00f6rv\u00e9nyek 2025. \u00e9vi v\u00e1ltoz\u00e1sai \u2013 kamarai el\u0151ad\u00e1s<\/a><\/div>\n                    <ul class=\"categories\">\n                <li><a style=\"background: #911a1d; color: #ffffff\" href=\"https:\/\/dkik.hu\/index.php\/esemenyek\/rendezvenyek\">Rendezv\u00e9nyek<\/a><\/li>\n                <li><span class=\"public-at\">2025. janu\u00e1r 08.<\/span><\/li>\n            <\/ul>\n                <div class=\"desc\"><p>A Duna\u00fajv\u00e1rosi Kereskedelmi \u00e9s Iparkamara szervez\u00e9s\u00e9ben a NAV munkat\u00e1rsai tartanak el\u0151ad\u00e1st a kamarai sz\u00e9kh\u00e1zban, melynek f\u0151 t\u00e9m\u00e1ja: Az ad\u00f3t\u00f6rv\u00e9nyek 2025. \u00e9vi v\u00e1ltoz\u00e1sai. Rendezv\u00e9ny id\u0151pontja: 2025. janu\u00e1r 22. (szerda) 09.00 \u00f3ra.<\/p><\/div>\n    <\/div>\n<\/div>        <\/div>\n            <div class=\"col-md-6 col-xs-12 inline-col feed-item\">\n            <div class=\"clearfix\">\n    <div class=\"col-xs-5 img\">\n        <a  href=\"https:\/\/dkik.hu\/index.php\/hirek\/teruleti-innovacios-platform-kihelyezett-egyetemi-program-kamaranknal\">\n            <img class=\"img-responsive img-center\" src=\"\/uploads\/events\/small-small-due-tip-nap-meghivo-1-17642418024686.png\" alt=\"Ter\u00fcleti Innov\u00e1ci\u00f3s Platform: kihelyezett egyetemi program kamar\u00e1nkn\u00e1l\">\n        <\/a>\n    <\/div>\n    <div class=\"col-xs-7 info\">\n        <div class=\"title\"><a  href=\"https:\/\/dkik.hu\/index.php\/esemenyek\/rendezvenyek\/teruleti-innovacios-platform-kihelyezett-egyetemi-program-kamaranknal\">Ter\u00fcleti Innov\u00e1ci\u00f3s Platform: kihelyezett egyetemi program kamar\u00e1nkn\u00e1l<\/a><\/div>\n                    <ul class=\"categories\">\n                <li><a style=\"background: #911a1d; color: #ffffff\" href=\"https:\/\/dkik.hu\/index.php\/esemenyek\/rendezvenyek\">Rendezv\u00e9nyek<\/a><\/li>\n                <li><span class=\"public-at\">2024. december 05.<\/span><\/li>\n            <\/ul>\n                <div class=\"desc\"><p>A Duna\u00fajv\u00e1rosi Egyetem a Ter\u00fcleti Innov\u00e1ci\u00f3s Platform k\u00f6vetkez\u0151 kihelyezett napj\u00e1t a Duna\u00fajv\u00e1rosi Kereskedelmi \u00e9s Iparkamar\u00e1n\u00e1l tartja 2024. december 12-\u00e9n, 10 \u00f3r\u00e1t\u00f3l: anyagvizsg\u00e1l\u00f3 laborat\u00f3riumok bemutat\u00e1sa, robotikai fejleszt\u00e9sek.<\/p><\/div>\n    <\/div>\n<\/div>        <\/div>\n            <div class=\"col-md-6 col-xs-12 inline-col feed-item\">\n            <div class=\"clearfix\">\n    <div class=\"col-xs-5 img\">\n        <a  href=\"https:\/\/dkik.hu\/index.php\/hirek\/epitesugyi-szakmai-forum-a-kotelezo-kivitelezoi-felelossegbiztositas\">\n            <img class=\"img-responsive img-center\" src=\"\/uploads\/events\/small-small-architect-1280-17642419644067.jpg\" alt=\"\u00c9p\u00edt\u00e9s\u00fcgyi szakmai f\u00f3rum: a k\u00f6telez\u0151 kivitelez\u0151i felel\u0151ss\u00e9gbiztos\u00edt\u00e1s\">\n        <\/a>\n    <\/div>\n    <div class=\"col-xs-7 info\">\n        <div class=\"title\"><a  href=\"https:\/\/dkik.hu\/index.php\/esemenyek\/rendezvenyek\/epitesugyi-szakmai-forum-a-kotelezo-kivitelezoi-felelossegbiztositas\">\u00c9p\u00edt\u00e9s\u00fcgyi szakmai f\u00f3rum: a k\u00f6telez\u0151 kivitelez\u0151i felel\u0151ss\u00e9gbiztos\u00edt\u00e1s<\/a><\/div>\n                    <ul class=\"categories\">\n                <li><a style=\"background: #911a1d; color: #ffffff\" href=\"https:\/\/dkik.hu\/index.php\/esemenyek\/rendezvenyek\">Rendezv\u00e9nyek<\/a><\/li>\n                <li><span class=\"public-at\">2024. november 26.<\/span><\/li>\n            <\/ul>\n                <div class=\"desc\"><p>Kamar\u00e1nk \u00e1ltal szervezett online is el\u00e9rhet\u0151 el\u0151ad\u00e1son 2024. december 3-\u00e1n a kivitelez\u0151i felel\u0151ss\u00e9gbiztos\u00edt\u00e1s el\u0151nyeir\u0151l, jogi k\u00f6telezetts\u00e9geir\u0151l lesz sz\u00f3, hogyan v\u00e9dhetik meg magukat \u00e9s v\u00e1llalkoz\u00e1sukat a potenci\u00e1lis kock\u00e1zatokkal szemben.<\/p><\/div>\n    <\/div>\n<\/div>        <\/div>\n            <div class=\"col-md-6 col-xs-12 inline-col feed-item\">\n            <div class=\"clearfix\">\n    <div class=\"col-xs-5 img\">\n        <a  href=\"https:\/\/dkik.hu\/index.php\/hirek\/magnus-aircraft-gyarlatogatas-es-mesterseges-intelligencia-eloadas\">\n            <img class=\"img-responsive img-center\" src=\"\/uploads\/events\/small-magnus-aircraft-08-1-1536x1022-2-17303669063504.jpg\" alt=\"Magnus Aircraft gy\u00e1rl\u00e1togat\u00e1s \u00e9s mesters\u00e9ges intelligencia el\u0151ad\u00e1s\">\n        <\/a>\n    <\/div>\n    <div class=\"col-xs-7 info\">\n        <div class=\"title\"><a  href=\"https:\/\/dkik.hu\/index.php\/esemenyek\/rendezvenyek\/magnus-aircraft-gyarlatogatas-es-mesterseges-intelligencia-eloadas\">Magnus Aircraft gy\u00e1rl\u00e1togat\u00e1s \u00e9s mesters\u00e9ges intelligencia el\u0151ad\u00e1s<\/a><\/div>\n                    <ul class=\"categories\">\n                <li><a style=\"background: #911a1d; color: #ffffff\" href=\"https:\/\/dkik.hu\/index.php\/esemenyek\/rendezvenyek\">Rendezv\u00e9nyek<\/a><\/li>\n                <li><span class=\"public-at\">2024. okt\u00f3ber 30.<\/span><\/li>\n            <\/ul>\n                <div class=\"desc\"><p>Kamar\u00e1nk p\u00e9csi szakmai utat szervez, 2024. november 19-\u00e9n, kedden a r\u00e9sztvev\u0151k ell\u00e1togatnak a Magnus Aircraft p\u00e9cs-pog\u00e1nyi rep\u00fcl\u0151g\u00e9pgy\u00e1rt\u00f3 \u00fczem\u00e9be, emellett a mesters\u00e9ges intelligencia gyakorlati alkalmaz\u00e1s\u00e1r\u00f3l sz\u00f3l\u00f3 el\u0151ad\u00e1st hallgathatnak meg.<\/p><\/div>\n    <\/div>\n<\/div>        <\/div>\n            <div class=\"col-md-6 col-xs-12 inline-col feed-item\">\n            <div class=\"clearfix\">\n    <div class=\"col-xs-5 img\">\n        <a  href=\"https:\/\/dkik.hu\/index.php\/hirek\/noi-vallalkozoi-klub-eloado-szily-nora\">\n            <img class=\"img-responsive img-center\" src=\"\/uploads\/events\/small-szily-nora-foto-f-17303666650171.jpg\" alt=\"N\u0151i V\u00e1llalkoz\u00f3i Klub: el\u0151ad\u00f3 Szily N\u00f3ra\">\n        <\/a>\n    <\/div>\n    <div class=\"col-xs-7 info\">\n        <div class=\"title\"><a  href=\"https:\/\/dkik.hu\/index.php\/esemenyek\/rendezvenyek\/noi-vallalkozoi-klub-eloado-szily-nora\">N\u0151i V\u00e1llalkoz\u00f3i Klub: el\u0151ad\u00f3 Szily N\u00f3ra<\/a><\/div>\n                    <ul class=\"categories\">\n                <li><a style=\"background: #911a1d; color: #ffffff\" href=\"https:\/\/dkik.hu\/index.php\/esemenyek\/rendezvenyek\">Rendezv\u00e9nyek<\/a><\/li>\n                <li><span class=\"public-at\">2024. okt\u00f3ber 30.<\/span><\/li>\n            <\/ul>\n                <div class=\"desc\"><p>A kamar\u00e1nk szervez\u00e9s\u00e9ben megval\u00f3sul\u00f3 N\u0151i V\u00e1llalkoz\u00f3i Klub soron k\u00f6vetkez\u0151 el\u0151ad\u00f3ja Szily N\u00f3ra \u00fajs\u00e1g\u00edr\u00f3, pszichol\u00f3gus, tr\u00e9ner 2024. november 20-\u00e1n, szerd\u00e1n 14 \u00f3r\u00e1t\u00f3l, szeretettel v\u00e1rjuk rendezv\u00e9ny\u00fcnk\u00f6n a v\u00e1llalkoz\u00e1sok H\u00f6lgyvezet\u0151it.<\/p><\/div>\n    <\/div>\n<\/div>        <\/div>\n            <div class=\"col-md-6 col-xs-12 inline-col feed-item\">\n            <div class=\"clearfix\">\n    <div class=\"col-xs-5 img\">\n        <a  href=\"https:\/\/dkik.hu\/index.php\/hirek\/ado-es-szamviteli-tanacs\">\n            <img class=\"img-responsive img-center\" src=\"\/uploads\/events\/small-small-dkik-honlap-17303685077741.jpg\" alt=\"Ad\u00f3 \u00e9s sz\u00e1mviteli tan\u00e1csad\u00e1s\">\n        <\/a>\n    <\/div>\n    <div class=\"col-xs-7 info\">\n        <div class=\"title\"><a  href=\"https:\/\/dkik.hu\/index.php\/esemenyek\/rendezvenyek\/ado-es-szamviteli-tanacs\">Ad\u00f3 \u00e9s sz\u00e1mviteli tan\u00e1csad\u00e1s<\/a><\/div>\n                    <ul class=\"categories\">\n                <li><a style=\"background: #911a1d; color: #ffffff\" href=\"https:\/\/dkik.hu\/index.php\/esemenyek\/rendezvenyek\">Rendezv\u00e9nyek<\/a><\/li>\n                <li><span class=\"public-at\">2024. okt\u00f3ber 25.<\/span><\/li>\n            <\/ul>\n                <div class=\"desc\"><p>\u00dcgyint\u00e9z\u0151:&nbsp;Liz\u00e1k Istv\u00e1nn\u00e9&nbsp;okleveles k\u00f6nyvvizsg\u00e1l\u00f3<\/p>\r\n\r\n<p>Szem\u00e9lyes tan\u00e1csad\u00e1s minden p\u00e1ros h\u00e9t cs\u00fct\u00f6rt\u00f6k\u00e9n 14:00 \u00e9s 16:00 \u00f3ra&nbsp;k\u00f6z\u00f6tt a Kamara sz\u00e9kh\u00e1z\u00e1ban.<\/p>\r\n\r\n<p>Inform\u00e1ci\u00f3: 25\/ 502-060\/0,&nbsp;<a href=\"mailto:dkik@dkik.hu\">dkik@dkik.hu<\/a><\/p><\/div>\n    <\/div>\n<\/div>        <\/div>\n    <\/div>\n\n<ul class=\"pagination\">\n                    <li class=\"left\"><a href=\"https:\/\/dkik.hu\/index.php\/api\/events\/page?page=4\" rel=\"prev\"><span class=\"icon icon-arrow-flat-left\"><\/span><\/a><\/li>\n        \n                    \n                                                                        <li><a href=\"https:\/\/dkik.hu\/index.php\/api\/events\/page?page=1\">01<\/a><\/li>\n                                                                                <li><a href=\"https:\/\/dkik.hu\/index.php\/api\/events\/page?page=2\">02<\/a><\/li>\n                                                                                <li><a href=\"https:\/\/dkik.hu\/index.php\/api\/events\/page?page=3\">03<\/a><\/li>\n                                                                                <li><a href=\"https:\/\/dkik.hu\/index.php\/api\/events\/page?page=4\">04<\/a><\/li>\n                                                                                <li class=\"active\"><span>05<\/span><\/li>\n                                                                                <li><a href=\"https:\/\/dkik.hu\/index.php\/api\/events\/page?page=6\">06<\/a><\/li>\n                                                                                <li><a href=\"https:\/\/dkik.hu\/index.php\/api\/events\/page?page=7\">07<\/a><\/li>\n                                                        \n                    <li class=\"right\"><a href=\"https:\/\/dkik.hu\/index.php\/api\/events\/page?page=6\" rel=\"next\"><span class=\"icon icon-arrow-flat-right\"><\/span><\/a><\/li>\n            <\/ul>\n\n","page":"5"}