{"content":"<div class=\"row inline-row\">\n            <div class=\"col-md-6 col-xs-12 inline-col feed-item\">\n            <div class=\"clearfix\">\n    <div class=\"col-xs-5 img\">\n        <a  href=\"https:\/\/dkik.hu\/index.php\/hirek\/fontos-valtozasok-a-munka-torvenykonyveben-es-a-munkavedelmi-tuzvedelmi-szabalyokban\">\n            <img class=\"img-responsive img-center\" src=\"\/uploads\/events\/small-electrician-1280-17303661678959.jpg\" alt=\"Fontos v\u00e1ltoz\u00e1sok a munka t\u00f6rv\u00e9nyk\u00f6nyv\u00e9ben \u00e9s a munkav\u00e9delmi, t\u0171zv\u00e9delmi szab\u00e1lyokban\">\n        <\/a>\n    <\/div>\n    <div class=\"col-xs-7 info\">\n        <div class=\"title\"><a  href=\"https:\/\/dkik.hu\/index.php\/esemenyek\/rendezvenyek\/fontos-valtozasok-a-munka-torvenykonyveben-es-a-munkavedelmi-tuzvedelmi-szabalyokban\">Fontos v\u00e1ltoz\u00e1sok a munka t\u00f6rv\u00e9nyk\u00f6nyv\u00e9ben \u00e9s a munkav\u00e9delmi, t\u0171zv\u00e9delmi szab\u00e1lyokban<\/a><\/div>\n                    <ul class=\"categories\">\n                <li><a style=\"background: #911a1d; color: #ffffff\" href=\"https:\/\/dkik.hu\/index.php\/esemenyek\/rendezvenyek\">Rendezv\u00e9nyek<\/a><\/li>\n                <li><span class=\"public-at\">2024. okt\u00f3ber 22.<\/span><\/li>\n            <\/ul>\n                <div class=\"desc\"><p>Duna\u00fajv\u00e1rosi Kereskedelmi \u00e9s Iparkamara nev\u00e9ben tisztelettel megh\u00edvjuk \u00d6nt, vagy v\u00e1llalkoz\u00e1sa k\u00e9pvisel\u0151j\u00e9t Fontos v\u00e1ltoz\u00e1sok a munka t\u00f6rv\u00e9nyk\u00f6nyv\u00e9ben \u00e9s a munkav\u00e9delmi, t\u0171zv\u00e9delmi szab\u00e1lyokban 2024-ben el\u0151ad\u00e1sunkra:&nbsp;2024. okt\u00f3ber 30.<\/p><\/div>\n    <\/div>\n<\/div>        <\/div>\n            <div class=\"col-md-6 col-xs-12 inline-col feed-item\">\n            <div class=\"clearfix\">\n    <div class=\"col-xs-5 img\">\n        <a  href=\"https:\/\/dkik.hu\/index.php\/hirek\/ado-es-szamviteli-tanacsa\">\n            <img class=\"img-responsive img-center\" src=\"\/uploads\/events\/small-small-dkik-honlap-17303682878395.jpg\" alt=\"Ad\u00f3 \u00e9s sz\u00e1mviteli tan\u00e1csad\u00e1s\">\n        <\/a>\n    <\/div>\n    <div class=\"col-xs-7 info\">\n        <div class=\"title\"><a  href=\"https:\/\/dkik.hu\/index.php\/esemenyek\/rendezvenyek\/ado-es-szamviteli-tanacsa\">Ad\u00f3 \u00e9s sz\u00e1mviteli tan\u00e1csad\u00e1s<\/a><\/div>\n                    <ul class=\"categories\">\n                <li><a style=\"background: #911a1d; color: #ffffff\" href=\"https:\/\/dkik.hu\/index.php\/esemenyek\/rendezvenyek\">Rendezv\u00e9nyek<\/a><\/li>\n                <li><span class=\"public-at\">2024. okt\u00f3ber 15.<\/span><\/li>\n            <\/ul>\n                <div class=\"desc\"><p>\u00dcgyint\u00e9z\u0151:&nbsp;Liz\u00e1k Istv\u00e1nn\u00e9&nbsp;okleveles k\u00f6nyvvizsg\u00e1l\u00f3<\/p>\r\n\r\n<p>Szem\u00e9lyes tan\u00e1csad\u00e1s minden p\u00e1ros h\u00e9t cs\u00fct\u00f6rt\u00f6k\u00e9n 14:00 \u00e9s 16:00 \u00f3ra&nbsp;k\u00f6z\u00f6tt a Kamara sz\u00e9kh\u00e1z\u00e1ban.<\/p>\r\n\r\n<p>Inform\u00e1ci\u00f3: 25\/ 502-060\/0,&nbsp;<a href=\"mailto:dkik@dkik.hu\">dkik@dkik.hu<\/a><\/p><\/div>\n    <\/div>\n<\/div>        <\/div>\n            <div class=\"col-md-6 col-xs-12 inline-col feed-item\">\n            <div class=\"clearfix\">\n    <div class=\"col-xs-5 img\">\n        <a  href=\"https:\/\/dkik.hu\/index.php\/hirek\/visegrad-4-uzleti-konferencia\">\n            <img class=\"img-responsive img-center\" src=\"\/uploads\/events\/small-images-17303672551886.png\" alt=\"Visegr\u00e1d 4 \u00dczleti Konferencia\">\n        <\/a>\n    <\/div>\n    <div class=\"col-xs-7 info\">\n        <div class=\"title\"><a  href=\"https:\/\/dkik.hu\/index.php\/esemenyek\/kulpiaci-esemenyek\/visegrad-4-uzleti-konferencia\">Visegr\u00e1d 4 \u00dczleti Konferencia<\/a><\/div>\n                    <ul class=\"categories\">\n                <li><a style=\"background: #0a6e15; color: #ffffff\" href=\"https:\/\/dkik.hu\/index.php\/esemenyek\/kulpiaci-esemenyek\">K\u00fclpiaci esem\u00e9nyek<\/a><\/li>\n                <li><span class=\"public-at\">2024. okt\u00f3ber 15.<\/span><\/li>\n            <\/ul>\n                <div class=\"desc\"><p>A HEPA-t\u00f3l \u00e9rkezett&nbsp;megh\u00edv\u00f3&nbsp;a harmadik&nbsp;<strong>Visegr\u00e1d 4 \u00dczleti Konferenci\u00e1ra<\/strong>, amelyet 2024. november 14-\u00e9n, cs\u00fct\u00f6rt\u00f6k\u00f6n, a Budapest Marriott Hotelben tartanak meg.<\/p><\/div>\n    <\/div>\n<\/div>        <\/div>\n            <div class=\"col-md-6 col-xs-12 inline-col feed-item\">\n            <div class=\"clearfix\">\n    <div class=\"col-xs-5 img\">\n        <a  href=\"https:\/\/dkik.hu\/index.php\/hirek\/epitesugyi-informacios-forum-jogszabalyvaltozasok-a-hatosagi-eljarasokban-es-a-kivitelezesben\">\n            <img class=\"img-responsive img-center\" src=\"\/uploads\/events\/small-housebuilding-1280-17303658839227.jpg\" alt=\"\u00c9p\u00edt\u00e9s\u00fcgyi inform\u00e1ci\u00f3s f\u00f3rum: jogszab\u00e1lyv\u00e1ltoz\u00e1sok a hat\u00f3s\u00e1gi elj\u00e1r\u00e1sokban \u00e9s a kivitelez\u00e9sben\">\n        <\/a>\n    <\/div>\n    <div class=\"col-xs-7 info\">\n        <div class=\"title\"><a  href=\"https:\/\/dkik.hu\/index.php\/esemenyek\/rendezvenyek\/epitesugyi-informacios-forum-jogszabalyvaltozasok-a-hatosagi-eljarasokban-es-a-kivitelezesben\">\u00c9p\u00edt\u00e9s\u00fcgyi inform\u00e1ci\u00f3s f\u00f3rum: jogszab\u00e1lyv\u00e1ltoz\u00e1sok a hat\u00f3s\u00e1gi elj\u00e1r\u00e1sokban \u00e9s a kivitelez\u00e9sben<\/a><\/div>\n                    <ul class=\"categories\">\n                <li><a style=\"background: #911a1d; color: #ffffff\" href=\"https:\/\/dkik.hu\/index.php\/esemenyek\/rendezvenyek\">Rendezv\u00e9nyek<\/a><\/li>\n                <li><span class=\"public-at\">2024. okt\u00f3ber 15.<\/span><\/li>\n            <\/ul>\n                <div class=\"desc\"><p>Kamar\u00e1nk \u00e9p\u00edt\u00e9s\u00fcgyi inform\u00e1ci\u00f3s f\u00f3rumot tart 2024. november 5-\u00e9n, kedden 13.30-t\u00f3l, el\u0151ad\u00f3 Koz\u00e1ri Mih\u00e1ly oszt\u00e1lyvezet\u0151 (FVK \u00c9p\u00edt\u00e9s\u00fcgyi \u00e9s \u00d6r\u00f6ks\u00e9gv\u00e9delmi F\u0151oszt\u00e1ly \u00c9p\u00edt\u00e9s\u00fcgyi \u00e9s \u00c9p\u00edt\u00e9sfel\u00fcgyeleti Oszt\u00e1ly).<\/p><\/div>\n    <\/div>\n<\/div>        <\/div>\n            <div class=\"col-md-6 col-xs-12 inline-col feed-item\">\n            <div class=\"clearfix\">\n    <div class=\"col-xs-5 img\">\n        <a  href=\"https:\/\/dkik.hu\/index.php\/hirek\/ado-es-szamviteli-tanacsada\">\n            <img class=\"img-responsive img-center\" src=\"\/uploads\/events\/small-small-dkik-honlap-csik-17277744451272.jpg\" alt=\"Ad\u00f3 \u00e9s sz\u00e1mviteli tan\u00e1csad\u00e1s\">\n        <\/a>\n    <\/div>\n    <div class=\"col-xs-7 info\">\n        <div class=\"title\"><a  href=\"https:\/\/dkik.hu\/index.php\/esemenyek\/rendezvenyek\/ado-es-szamviteli-tanacsada\">Ad\u00f3 \u00e9s sz\u00e1mviteli tan\u00e1csad\u00e1s<\/a><\/div>\n                    <ul class=\"categories\">\n                <li><a style=\"background: #911a1d; color: #ffffff\" href=\"https:\/\/dkik.hu\/index.php\/esemenyek\/rendezvenyek\">Rendezv\u00e9nyek<\/a><\/li>\n                <li><span class=\"public-at\">2024. okt\u00f3ber 01.<\/span><\/li>\n            <\/ul>\n                <div class=\"desc\"><p>\u00dcgyint\u00e9z\u0151:&nbsp;Liz\u00e1k Istv\u00e1nn\u00e9&nbsp;okleveles k\u00f6nyvvizsg\u00e1l\u00f3<\/p>\r\n\r\n<p>Szem\u00e9lyes tan\u00e1csad\u00e1s minden p\u00e1ros h\u00e9t cs\u00fct\u00f6rt\u00f6k\u00e9n 14:00 \u00e9s 16:00 \u00f3ra&nbsp;k\u00f6z\u00f6tt a Kamara sz\u00e9kh\u00e1z\u00e1ban.<\/p>\r\n\r\n<p>Inform\u00e1ci\u00f3: 25\/ 502-060\/0,&nbsp;<a href=\"mailto:dkik@dkik.hu\">dkik@dkik.hu<\/a><\/p><\/div>\n    <\/div>\n<\/div>        <\/div>\n            <div class=\"col-md-6 col-xs-12 inline-col feed-item\">\n            <div class=\"clearfix\">\n    <div class=\"col-xs-5 img\">\n        <a  href=\"https:\/\/dkik.hu\/index.php\/hirek\/ado-es-szamviteli-tanacsad\">\n            <img class=\"img-responsive img-center\" src=\"\/uploads\/events\/small-small-dkik-honlap-17303676866713.jpg\" alt=\"Ad\u00f3 \u00e9s sz\u00e1mviteli tan\u00e1csad\u00e1s\">\n        <\/a>\n    <\/div>\n    <div class=\"col-xs-7 info\">\n        <div class=\"title\"><a  href=\"https:\/\/dkik.hu\/index.php\/esemenyek\/rendezvenyek\/ado-es-szamviteli-tanacsad\">Ad\u00f3 \u00e9s sz\u00e1mviteli tan\u00e1csad\u00e1s<\/a><\/div>\n                    <ul class=\"categories\">\n                <li><a style=\"background: #911a1d; color: #ffffff\" href=\"https:\/\/dkik.hu\/index.php\/esemenyek\/rendezvenyek\">Rendezv\u00e9nyek<\/a><\/li>\n                <li><span class=\"public-at\">2024. okt\u00f3ber 01.<\/span><\/li>\n            <\/ul>\n                <div class=\"desc\"><p>\u00dcgyint\u00e9z\u0151:&nbsp;Liz\u00e1k Istv\u00e1nn\u00e9&nbsp;okleveles k\u00f6nyvvizsg\u00e1l\u00f3<\/p>\r\n\r\n<p>Szem\u00e9lyes tan\u00e1csad\u00e1s minden p\u00e1ros h\u00e9t cs\u00fct\u00f6rt\u00f6k\u00e9n 14:00 \u00e9s 16:00 \u00f3ra&nbsp;k\u00f6z\u00f6tt a Kamara sz\u00e9kh\u00e1z\u00e1ban.<\/p>\r\n\r\n<p>Inform\u00e1ci\u00f3: 25\/ 502-060\/0,&nbsp;<a href=\"mailto:dkik@dkik.hu\">dkik@dkik.hu<\/a><\/p><\/div>\n    <\/div>\n<\/div>        <\/div>\n            <div class=\"col-md-6 col-xs-12 inline-col feed-item\">\n            <div class=\"clearfix\">\n    <div class=\"col-xs-5 img\">\n        <a  href=\"https:\/\/dkik.hu\/index.php\/hirek\/tajekoztato-eloadas-kezdo-vallalkozasoknak\">\n            <img class=\"img-responsive img-center\" src=\"\/uploads\/events\/small-small-dkik-honlap-csik-17277735829139.jpg\" alt=\"T\u00e1j\u00e9koztat\u00f3 el\u0151ad\u00e1s kezd\u0151 v\u00e1llalkoz\u00e1soknak\">\n        <\/a>\n    <\/div>\n    <div class=\"col-xs-7 info\">\n        <div class=\"title\"><a  href=\"https:\/\/dkik.hu\/index.php\/esemenyek\/rendezvenyek\/tajekoztato-eloadas-kezdo-vallalkozasoknak\">T\u00e1j\u00e9koztat\u00f3 el\u0151ad\u00e1s kezd\u0151 v\u00e1llalkoz\u00e1soknak<\/a><\/div>\n                    <ul class=\"categories\">\n                <li><a style=\"background: #911a1d; color: #ffffff\" href=\"https:\/\/dkik.hu\/index.php\/esemenyek\/rendezvenyek\">Rendezv\u00e9nyek<\/a><\/li>\n                <li><span class=\"public-at\">2024. szeptember 25.<\/span><\/li>\n            <\/ul>\n                <div class=\"desc\"><p>Kamar\u00e1nk ism\u00e9t t\u00e1j\u00e9koztat\u00f3 el\u0151ad\u00e1st, konzult\u00e1ci\u00f3t szervez kezd\u0151 v\u00e1llalkoz\u00e1sok sz\u00e1m\u00e1ra, melyen a v\u00e1llalkoz\u00e1s ind\u00edt\u00e1s\u00e1hoz \u00e9s az alapvet\u0151 m\u0171k\u00f6dtet\u00e9shez sz\u00fcks\u00e9ges legfontosabb inform\u00e1ci\u00f3kr\u00f3l hallhatnak a r\u00e9sztvev\u0151k 2024. okt\u00f3ber 14-\u00e9n.<\/p><\/div>\n    <\/div>\n<\/div>        <\/div>\n            <div class=\"col-md-6 col-xs-12 inline-col feed-item\">\n            <div class=\"clearfix\">\n    <div class=\"col-xs-5 img\">\n        <a  href=\"https:\/\/dkik.hu\/index.php\/hirek\/ado-es-szamviteli-tanacsadas\">\n            <img class=\"img-responsive img-center\" src=\"\/uploads\/events\/small-small-dkik-honlap-csik-1727774220229.jpg\" alt=\"Ad\u00f3 \u00e9s sz\u00e1mviteli tan\u00e1csad\u00e1s\">\n        <\/a>\n    <\/div>\n    <div class=\"col-xs-7 info\">\n        <div class=\"title\"><a  href=\"https:\/\/dkik.hu\/index.php\/esemenyek\/rendezvenyek\/ado-es-szamviteli-tanacsadas\">Ad\u00f3 \u00e9s sz\u00e1mviteli tan\u00e1csad\u00e1s<\/a><\/div>\n                    <ul class=\"categories\">\n                <li><a style=\"background: #911a1d; color: #ffffff\" href=\"https:\/\/dkik.hu\/index.php\/esemenyek\/rendezvenyek\">Rendezv\u00e9nyek<\/a><\/li>\n                <li><span class=\"public-at\">2024. szeptember 24.<\/span><\/li>\n            <\/ul>\n                <div class=\"desc\"><p>\u00dcgyint\u00e9z\u0151:&nbsp;<strong>Liz\u00e1k Istv\u00e1nn\u00e9<\/strong>&nbsp;okleveles k\u00f6nyvvizsg\u00e1l\u00f3<\/p>\r\n\r\n<p>Szem\u00e9lyes tan\u00e1csad\u00e1s minden p\u00e1ros h\u00e9t cs\u00fct\u00f6rt\u00f6k\u00e9n 14:00 \u00e9s 16:00 \u00f3ra&nbsp;k\u00f6z\u00f6tt a Kamara sz\u00e9kh\u00e1z\u00e1ban.<\/p>\r\n\r\n<p>Inform\u00e1ci\u00f3: 25\/ 502-060\/0,&nbsp;<a href=\"mailto:dkik@dkik.hu\">dkik@dkik.hu<\/a><\/p><\/div>\n    <\/div>\n<\/div>        <\/div>\n    <\/div>\n\n<ul class=\"pagination\">\n                    <li class=\"left\"><a href=\"https:\/\/dkik.hu\/index.php\/api\/events\/page?page=5\" rel=\"prev\"><span class=\"icon icon-arrow-flat-left\"><\/span><\/a><\/li>\n        \n                    \n                                                                        <li><a href=\"https:\/\/dkik.hu\/index.php\/api\/events\/page?page=1\">01<\/a><\/li>\n                                                                                <li><a href=\"https:\/\/dkik.hu\/index.php\/api\/events\/page?page=2\">02<\/a><\/li>\n                                                                                <li><a href=\"https:\/\/dkik.hu\/index.php\/api\/events\/page?page=3\">03<\/a><\/li>\n                                                                                <li><a href=\"https:\/\/dkik.hu\/index.php\/api\/events\/page?page=4\">04<\/a><\/li>\n                                                                                <li><a href=\"https:\/\/dkik.hu\/index.php\/api\/events\/page?page=5\">05<\/a><\/li>\n                                                                                <li class=\"active\"><span>06<\/span><\/li>\n                                                                                <li><a href=\"https:\/\/dkik.hu\/index.php\/api\/events\/page?page=7\">07<\/a><\/li>\n                                                        \n                    <li class=\"right\"><a href=\"https:\/\/dkik.hu\/index.php\/api\/events\/page?page=7\" rel=\"next\"><span class=\"icon icon-arrow-flat-right\"><\/span><\/a><\/li>\n            <\/ul>\n\n","page":"6"}