{"content":"<div class=\"row inline-row\">\n            <div class=\"col-md-6 col-xs-12 inline-col feed-item\">\n            <div class=\"clearfix\">\n    <div class=\"col-xs-5 img\">\n        <a  href=\"https:\/\/dkik.hu\/index.php\/hirek\/generaciovaltas-miert-elengedhetetlen-hogy-cegvezetokent-idoben-felkeszuljon\">\n            <img class=\"img-responsive img-center\" src=\"\/uploads\/events\/small-8854867-1280-3-17276902475598.jpg\" alt=\"Gener\u00e1ci\u00f3v\u00e1lt\u00e1s: Mi\u00e9rt elengedhetetlen, hogy c\u00e9gvezet\u0151k\u00e9nt id\u0151ben felk\u00e9sz\u00fclj\u00f6n?\">\n        <\/a>\n    <\/div>\n    <div class=\"col-xs-7 info\">\n        <div class=\"title\"><a  href=\"https:\/\/dkik.hu\/index.php\/esemenyek\/rendezvenyek\/generaciovaltas-miert-elengedhetetlen-hogy-cegvezetokent-idoben-felkeszuljon\">Gener\u00e1ci\u00f3v\u00e1lt\u00e1s: Mi\u00e9rt elengedhetetlen, hogy c\u00e9gvezet\u0151k\u00e9nt id\u0151ben felk\u00e9sz\u00fclj\u00f6n?<\/a><\/div>\n                    <ul class=\"categories\">\n                <li><a style=\"background: #911a1d; color: #ffffff\" href=\"https:\/\/dkik.hu\/index.php\/esemenyek\/rendezvenyek\">Rendezv\u00e9nyek<\/a><\/li>\n                <li><span class=\"public-at\">2024. szeptember 23.<\/span><\/li>\n            <\/ul>\n                <div class=\"desc\"><p>Duna\u00fajv\u00e1rosi Kereskedelemi \u00e9s Iparkamara szervez\u00e9s\u00e9ben 2024. okt\u00f3ber 7-\u00e9n, h\u00e9tf\u0151n 13 \u00f3rakor Laczk\u00f3 P\u00e9ter, a Lawrence &amp; Bennet Zrt. vez\u00e9rigazgat\u00f3ja el\u0151ad\u00e1s\u00e1ban t\u00e1mpontokat ad a sikeres gener\u00e1ci\u00f3v\u00e1lt\u00e1shoz, megismerteti a&nbsp;lehets\u00e9ges buktat\u00f3kat is.<\/p><\/div>\n    <\/div>\n<\/div>        <\/div>\n            <div class=\"col-md-6 col-xs-12 inline-col feed-item\">\n            <div class=\"clearfix\">\n    <div class=\"col-xs-5 img\">\n        <a  href=\"https:\/\/dkik.hu\/index.php\/hirek\/osztrak-kooperacios-borze\">\n            <img class=\"img-responsive img-center\" src=\"\/uploads\/events\/small-gyor-17277747184157.JPG\" alt=\"Osztr\u00e1k kooper\u00e1ci\u00f3s b\u00f6rze\">\n        <\/a>\n    <\/div>\n    <div class=\"col-xs-7 info\">\n        <div class=\"title\"><a  href=\"https:\/\/dkik.hu\/index.php\/esemenyek\/kulpiaci-esemenyek\/osztrak-kooperacios-borze\">Osztr\u00e1k kooper\u00e1ci\u00f3s b\u00f6rze<\/a><\/div>\n                    <ul class=\"categories\">\n                <li><a style=\"background: #0a6e15; color: #ffffff\" href=\"https:\/\/dkik.hu\/index.php\/esemenyek\/kulpiaci-esemenyek\">K\u00fclpiaci esem\u00e9nyek<\/a><\/li>\n                <li><span class=\"public-at\">2024. szeptember 19.<\/span><\/li>\n            <\/ul>\n                <div class=\"desc\"><p>Az Osztr\u00e1k Nagyk\u00f6vets\u00e9g Kereskedelmi Oszt\u00e1ly\u00e1nak szervez\u00e9s\u00e9ben 2024. okt\u00f3ber 29-\u00e9n, kedden Gy\u0151rben, a Nemzetk\u00f6zi Kereskedelmi K\u00f6zpontban ker\u00fcl megrendez\u00e9sre besz\u00e1ll\u00edt\u00f3i nap a Gy\u0151r-Moson-Sopron Megyei Kereskedelmi \u00e9s Iparkamar\u00e1val egy\u00fcttm\u0171k\u00f6d\u00e9sben.<\/p><\/div>\n    <\/div>\n<\/div>        <\/div>\n    <\/div>\n\n<ul class=\"pagination\">\n                    <li class=\"left\"><a href=\"https:\/\/dkik.hu\/index.php\/api\/events\/page?page=6\" rel=\"prev\"><span class=\"icon icon-arrow-flat-left\"><\/span><\/a><\/li>\n        \n                    \n                                                                        <li><a href=\"https:\/\/dkik.hu\/index.php\/api\/events\/page?page=1\">01<\/a><\/li>\n                                                                                <li><a href=\"https:\/\/dkik.hu\/index.php\/api\/events\/page?page=2\">02<\/a><\/li>\n                                                                                <li><a href=\"https:\/\/dkik.hu\/index.php\/api\/events\/page?page=3\">03<\/a><\/li>\n                                                                                <li><a href=\"https:\/\/dkik.hu\/index.php\/api\/events\/page?page=4\">04<\/a><\/li>\n                                                                                <li><a href=\"https:\/\/dkik.hu\/index.php\/api\/events\/page?page=5\">05<\/a><\/li>\n                                                                                <li><a href=\"https:\/\/dkik.hu\/index.php\/api\/events\/page?page=6\">06<\/a><\/li>\n                                                                                <li class=\"active\"><span>07<\/span><\/li>\n                                                        \n                    <li class=\"right disabled\"><span class=\"icon icon-arrow-flat-right\"><\/span><\/li>\n            <\/ul>\n\n","page":"7"}