{"content":"<div class=\"row inline-row\">\n                <div class=\"col-md-6 col-xs-12 inline-col feed-item\">\n            <div class=\"clearfix\">\r\n        <div class=\"img\">\r\n            <a  href=\"https:\/\/dkik.hu\/index.php\/hirek\/meghivo-magyar-monacoi-uzleti-forum\">\r\n                <img class=\"img-responsive img-center\" src=\"\/uploads\/feed_items\/small-hepa-17401329600102.jpg\" alt=\"Megh\u00edv\u00f3: Magyar-Monac\u00f3i \u00dczleti F\u00f3rum\">\n            <\/a>\r\n        <\/div>\r\n        <div class=\"info\">\r\n            <div class=\"title\"><a  href=\"https:\/\/dkik.hu\/index.php\/hirek\/meghivo-magyar-monacoi-uzleti-forum\">Megh\u00edv\u00f3: Magyar-Monac\u00f3i \u00dczleti F\u00f3rum<\/a><\/div>\r\n                            <ul class=\"categories\">\r\n                                            <li><a style=\"background: #8dc63f; color: #ffffff\" href=\"https:\/\/dkik.hu\/index.php\/hirek\/kulpiac\">K\u00fclpiac<\/a><\/li>\r\n                                        <li><span class=\"public-at\">2025. febru\u00e1r 21.<\/span><\/li>\r\n                <\/ul>\r\n                        <div class=\"desc\"><p>A HEPA Magyar Exportfejleszt\u00e9si \u00dcgyn\u00f6ks\u00e9g tisztelettel t\u00e1j\u00e9koztatja \u00d6nt, hogy 2025. m\u00e1rcius 25-\u00e9n, kedden ker\u00fcl megrendez\u00e9sre a Magyar-Monac\u00f3i \u00dczleti F\u00f3rum esem\u00e9ny\u00fcnk.<\/p><\/div>\r\n        <\/div>\r\n    <\/div>\r\n        <\/div>\n            <div class=\"col-md-6 col-xs-12 inline-col feed-item\">\n            <div class=\"clearfix\">\r\n        <div class=\"img\">\r\n            <a  href=\"https:\/\/dkik.hu\/index.php\/hirek\/online-szakmai-nap-a-2025-os-afa-szabalyok-valtozasairol\">\r\n                <img class=\"img-responsive img-center\" src=\"\/uploads\/feed_items\/small-adopraxis-1740132633462.jpg\" alt=\"Online szakmai nap a 2025-\u00f6s \u00e1fa szab\u00e1lyok v\u00e1ltoz\u00e1sair\u00f3l\">\n            <\/a>\r\n        <\/div>\r\n        <div class=\"info\">\r\n            <div class=\"title\"><a  href=\"https:\/\/dkik.hu\/index.php\/hirek\/online-szakmai-nap-a-2025-os-afa-szabalyok-valtozasairol\">Online szakmai nap a 2025-\u00f6s \u00e1fa szab\u00e1lyok v\u00e1ltoz\u00e1sair\u00f3l<\/a><\/div>\r\n                            <ul class=\"categories\">\r\n                                            <li><a style=\"background: #8dc63f; color: #ffffff\" href=\"https:\/\/dkik.hu\/index.php\/hirek\/gazdasag\">Gazdas\u00e1g<\/a><\/li>\r\n                                        <li><span class=\"public-at\">2025. febru\u00e1r 21.<\/span><\/li>\r\n                <\/ul>\r\n                        <div class=\"desc\"><p>A Menedzser Praxis Szakkiad\u00f3 \u00e9s Gazdas\u00e1gi Tan\u00e1csad\u00f3 Kft. szervez a 2025-\u00f6s \u00c1fa szab\u00e1lyok kulcsfontoss\u00e1g\u00fa v\u00e1ltoz\u00e1saival kapcsolatos online szakmai napot, id\u0151pont: 2025. m\u00e1rcius 26. 10:00-12:00.<\/p><\/div>\r\n        <\/div>\r\n    <\/div>\r\n        <\/div>\n            <div class=\"col-md-6 col-xs-12 inline-col feed-item\">\n            <div class=\"clearfix\">\r\n        <div class=\"img\">\r\n            <a  href=\"https:\/\/dkik.hu\/index.php\/hirek\/beszamolok-a-dap-szolgaltatoi-forumrol\">\r\n                <img class=\"img-responsive img-center\" src=\"\/uploads\/feed_items\/small-07360e5ecc2061d7ede23db399d6d18b-xl-17401344538413.jpg\" alt=\"Besz\u00e1mol\u00f3k a D\u00c1P Szolg\u00e1ltat\u00f3i F\u00f3rumr\u00f3l\">\n            <\/a>\r\n        <\/div>\r\n        <div class=\"info\">\r\n            <div class=\"title\"><a  href=\"https:\/\/dkik.hu\/index.php\/hirek\/beszamolok-a-dap-szolgaltatoi-forumrol\">Besz\u00e1mol\u00f3k a D\u00c1P Szolg\u00e1ltat\u00f3i F\u00f3rumr\u00f3l<\/a><\/div>\r\n                            <ul class=\"categories\">\r\n                                            <li><a style=\"background: #8dc63f; color: #ffffff\" href=\"https:\/\/dkik.hu\/index.php\/hirek\/gazdasag\">Gazdas\u00e1g<\/a><\/li>\r\n                                        <li><span class=\"public-at\">2025. febru\u00e1r 20.<\/span><\/li>\r\n                <\/ul>\r\n                        <div class=\"desc\"><p>A Digit\u00e1lis \u00c1llampolg\u00e1rs\u00e1g Program keretein bel\u00fcl t\u00f6bb olyan szolg\u00e1ltat\u00e1s is el\u00e9rhet\u0151v\u00e9 v\u00e1lik, amely megk\u00f6nny\u00edti az elektronikus \u00fcgyint\u00e9z\u00e9st. Figyelm\u00fckbe aj\u00e1nljuk a D\u00c1P Szolg\u00e1ltat\u00f3i F\u00f3rumon elhangzott inform\u00e1ci\u00f3k \u00f6sszefoglal\u00e1s\u00e1t.<\/p><\/div>\r\n        <\/div>\r\n    <\/div>\r\n        <\/div>\n            <div class=\"col-md-6 col-xs-12 inline-col feed-item\">\n            <div class=\"clearfix\">\r\n        <div class=\"img\">\r\n            <a  href=\"https:\/\/dkik.hu\/index.php\/hirek\/tajekoztato-a-kotelezo-kivitelezoi-felelossegbiztositasrol\">\r\n                <img class=\"img-responsive img-center\" src=\"\/uploads\/feed_items\/small-spring-79619-1280-17364095291728.jpg\" alt=\"T\u00e1j\u00e9koztat\u00f3 a k\u00f6telez\u0151 kivitelez\u0151i felel\u0151ss\u00e9gbiztos\u00edt\u00e1sr\u00f3l\">\n            <\/a>\r\n        <\/div>\r\n        <div class=\"info\">\r\n            <div class=\"title\"><a  href=\"https:\/\/dkik.hu\/index.php\/hirek\/tajekoztato-a-kotelezo-kivitelezoi-felelossegbiztositasrol\">T\u00e1j\u00e9koztat\u00f3 a k\u00f6telez\u0151 kivitelez\u0151i felel\u0151ss\u00e9gbiztos\u00edt\u00e1sr\u00f3l<\/a><\/div>\r\n                            <ul class=\"categories\">\r\n                                            <li><a style=\"background: #8dc63f; color: #ffffff\" href=\"https:\/\/dkik.hu\/index.php\/hirek\/gazdasag\">Gazdas\u00e1g<\/a><\/li>\r\n                                        <li><span class=\"public-at\">2025. febru\u00e1r 20.<\/span><\/li>\r\n                <\/ul>\r\n                        <div class=\"desc\"><p>Ha \u00e9p\u00edt\u0151ipari kivitelez\u0151 tev\u00e9kenys\u00e9get folytat, vonatkozik \u00f6nre az \u00faj szab\u00e1lyoz\u00e1s: a v\u00e1llalkoz\u00f3 kivitelez\u0151 az \u00e1ltala v\u00e1llalt \u00e9p\u00edt\u0151ipari kivitelez\u00e9si tev\u00e9kenys\u00e9g k\u00f6r\u00e9ben okozott k\u00e1r megt\u00e9r\u00edt\u00e9s\u00e9re k\u00f6teles felel\u0151ss\u00e9gbiztos\u00edt\u00e1si szerz\u0151d\u00e9st k\u00f6tni.<\/p><\/div>\r\n        <\/div>\r\n    <\/div>\r\n        <\/div>\n            <div class=\"col-md-6 col-xs-12 inline-col feed-item\">\n            <div class=\"clearfix\">\r\n        <div class=\"img\">\r\n            <a  href=\"https:\/\/dkik.hu\/index.php\/hirek\/felszolgalasi-dij-es-borravalo-2025-ben-uj-szabalyok-es-adomentessegi-lehetosegek\">\r\n                <img class=\"img-responsive img-center\" src=\"\/uploads\/feed_items\/small-waitress-1280-17399706989629.jpg\" alt=\"Felszolg\u00e1l\u00e1si d\u00edj \u00e9s borraval\u00f3 2025-ben: \u00faj szab\u00e1lyok \u00e9s ad\u00f3mentess\u00e9gi lehet\u0151s\u00e9gek\">\n            <\/a>\r\n        <\/div>\r\n        <div class=\"info\">\r\n            <div class=\"title\"><a  href=\"https:\/\/dkik.hu\/index.php\/hirek\/felszolgalasi-dij-es-borravalo-2025-ben-uj-szabalyok-es-adomentessegi-lehetosegek\">Felszolg\u00e1l\u00e1si d\u00edj \u00e9s borraval\u00f3 2025-ben: \u00faj szab\u00e1lyok \u00e9s ad\u00f3mentess\u00e9gi lehet\u0151s\u00e9gek<\/a><\/div>\r\n                            <ul class=\"categories\">\r\n                                            <li><a style=\"background: #8dc63f; color: #ffffff\" href=\"https:\/\/dkik.hu\/index.php\/hirek\/gazdasag\">Gazdas\u00e1g<\/a><\/li>\r\n                                        <li><span class=\"public-at\">2025. febru\u00e1r 19.<\/span><\/li>\r\n                <\/ul>\r\n                        <div class=\"desc\"><p>Jelent\u0151s v\u00e1ltoz\u00e1sok l\u00e9ptek \u00e9letbe a vend\u00e9gl\u00e1t\u00e1sban: maximaliz\u00e1lt\u00e1k a felszolg\u00e1l\u00e1si d\u00edjat, tov\u00e1bb\u00e1 az szja-mentess\u00e9get is kiterjesztett\u00e9k a bankk\u00e1rty\u00e1s \u00e9s \u00e1tutal\u00e1ssal fizetett borraval\u00f3kra.<\/p><\/div>\r\n        <\/div>\r\n    <\/div>\r\n        <\/div>\n            <div class=\"col-md-6 col-xs-12 inline-col feed-item\">\n            <div class=\"clearfix\">\r\n        <div class=\"img\">\r\n            <a  href=\"https:\/\/dkik.hu\/index.php\/hirek\/kamarai-gondoskodas-a-vallalkozoi-kozossegben\">\r\n                <img class=\"img-responsive img-center\" src=\"\/uploads\/feed_items\/small-small-044-bkik-small-sg101734-1-17394531059117.jpg\" alt=\"Kamarai gondoskod\u00e1s a v\u00e1llalkoz\u00f3i k\u00f6z\u00f6ss\u00e9gben\">\n            <\/a>\r\n        <\/div>\r\n        <div class=\"info\">\r\n            <div class=\"title\"><a  href=\"https:\/\/dkik.hu\/index.php\/hirek\/kamarai-gondoskodas-a-vallalkozoi-kozossegben\">Kamarai gondoskod\u00e1s a v\u00e1llalkoz\u00f3i k\u00f6z\u00f6ss\u00e9gben<\/a><\/div>\r\n                            <ul class=\"categories\">\r\n                                            <li><a style=\"background: #8dc63f; color: #ffffff\" href=\"https:\/\/dkik.hu\/index.php\/hirek\/gazdasag\">Gazdas\u00e1g<\/a><\/li>\r\n                                        <li><span class=\"public-at\">2025. febru\u00e1r 13.<\/span><\/li>\r\n                <\/ul>\r\n                        <div class=\"desc\"><p>Egy\u00fcttm\u0171k\u00f6d\u00e9si meg\u00e1llapod\u00e1st k\u00f6t\u00f6tt a Gondos\u00f3ra program \u00e9s a Magyar Kereskedelmi \u00e9s Iparkamara (MKIK) a korm\u00e1ny sikeres szoci\u00e1lis szolg\u00e1ltat\u00e1s\u00e1nak m\u00e9g sz\u00e9lesebb k\u00f6r\u0171 kiterjeszt\u00e9s\u00e9re.<\/p><\/div>\r\n        <\/div>\r\n    <\/div>\r\n        <\/div>\n            <div class=\"col-md-6 col-xs-12 inline-col feed-item\">\n            <div class=\"clearfix\">\r\n        <div class=\"img\">\r\n            <a  href=\"https:\/\/dkik.hu\/index.php\/hirek\/fontos-hatarido-az-afa-alanyi-adomentessegre-valo-attereshez\">\r\n                <img class=\"img-responsive img-center\" src=\"\/uploads\/feed_items\/small-man-1280-1738837011704.jpg\" alt=\"Fontos hat\u00e1rid\u0151 az \u00e1fa alanyi ad\u00f3mentess\u00e9gre val\u00f3 \u00e1tt\u00e9r\u00e9shez\">\n            <\/a>\r\n        <\/div>\r\n        <div class=\"info\">\r\n            <div class=\"title\"><a  href=\"https:\/\/dkik.hu\/index.php\/hirek\/fontos-hatarido-az-afa-alanyi-adomentessegre-valo-attereshez\">Fontos hat\u00e1rid\u0151 az \u00e1fa alanyi ad\u00f3mentess\u00e9gre val\u00f3 \u00e1tt\u00e9r\u00e9shez<\/a><\/div>\r\n                            <ul class=\"categories\">\r\n                                            <li><a style=\"background: #8dc63f; color: #ffffff\" href=\"https:\/\/dkik.hu\/index.php\/hirek\/gazdasag\">Gazdas\u00e1g<\/a><\/li>\r\n                                        <li><span class=\"public-at\">2025. febru\u00e1r 06.<\/span><\/li>\r\n                <\/ul>\r\n                        <div class=\"desc\"><p>A Magyar Kereskedelmi \u00e9s Iparkamara javaslataival \u00f6sszhangban 50%-kal megemelt \u00e1fa alanyi ad\u00f3mentess\u00e9g hat\u00e1r miatt az \u00e9rintett kisv\u00e1llalkoz\u00f3knak az alanyi mentess\u00e9gre val\u00f3 visszat\u00e9r\u00e9sr\u0151l kell fontos d\u00f6nt\u00e9st hozniuk febru\u00e1r 28-ig!<\/p><\/div>\r\n        <\/div>\r\n    <\/div>\r\n        <\/div>\n            <div class=\"col-md-6 col-xs-12 inline-col feed-item\">\n            <div class=\"clearfix\">\r\n        <div class=\"img\">\r\n            <a  href=\"https:\/\/dkik.hu\/index.php\/hirek\/a-munkaltato-lakhatasi-tamogatast-is-adhat-a-35-ev-alatti-dolgozoinak\">\r\n                <img class=\"img-responsive img-center\" src=\"\/uploads\/feed_items\/small-flats-1280-17388337394552.jpg\" alt=\"A munk\u00e1ltat\u00f3 lakhat\u00e1si t\u00e1mogat\u00e1st is adhat a 35 \u00e9v alatti dolgoz\u00f3inak\">\n            <\/a>\r\n        <\/div>\r\n        <div class=\"info\">\r\n            <div class=\"title\"><a  href=\"https:\/\/dkik.hu\/index.php\/hirek\/a-munkaltato-lakhatasi-tamogatast-is-adhat-a-35-ev-alatti-dolgozoinak\">A munk\u00e1ltat\u00f3 lakhat\u00e1si t\u00e1mogat\u00e1st is adhat a 35 \u00e9v alatti dolgoz\u00f3inak<\/a><\/div>\r\n                            <ul class=\"categories\">\r\n                                            <li><a style=\"background: #8dc63f; color: #ffffff\" href=\"https:\/\/dkik.hu\/index.php\/hirek\/gazdasag\">Gazdas\u00e1g<\/a><\/li>\r\n                                        <li><span class=\"public-at\">2025. febru\u00e1r 06.<\/span><\/li>\r\n                <\/ul>\r\n                        <div class=\"desc\"><p>A munk\u00e1ltat\u00f3k \u00e9v elej\u00e9t\u0151l lakhat\u00e1si t\u00e1mogat\u00e1st adhatnak dolgoz\u00f3iknak havi 150 ezer forintig, \u00e9ves szinten maximum 1,8 milli\u00f3 forintig alb\u00e9rleti d\u00edj vagy lak\u00e1shitel t\u00f6rleszt\u0151r\u00e9szlet-t\u00e1mogat\u00e1st utalhatnak 35 \u00e9v alatti fiatal munkav\u00e1llal\u00f3ik sz\u00e1m\u00e1ra.<\/p><\/div>\r\n        <\/div>\r\n    <\/div>\r\n        <\/div>\n    <\/div>\n\n<ul class=\"pagination\">\n                    <li class=\"left\"><a href=\"https:\/\/dkik.hu\/index.php\/api\/feeds\/page?page=17\" rel=\"prev\"><span class=\"icon icon-arrow-flat-left\"><\/span><\/a><\/li>\n        \n                    \n                                                                        <li><a href=\"https:\/\/dkik.hu\/index.php\/api\/feeds\/page?page=1\">01<\/a><\/li>\n                                                                                <li><a href=\"https:\/\/dkik.hu\/index.php\/api\/feeds\/page?page=2\">02<\/a><\/li>\n                                                                                    <li class=\"disabled\"><span>...<\/span><\/li>\n            \n                                \n                                                                        <li><a href=\"https:\/\/dkik.hu\/index.php\/api\/feeds\/page?page=15\">15<\/a><\/li>\n                                                                                <li><a href=\"https:\/\/dkik.hu\/index.php\/api\/feeds\/page?page=16\">16<\/a><\/li>\n                                                                                <li><a href=\"https:\/\/dkik.hu\/index.php\/api\/feeds\/page?page=17\">17<\/a><\/li>\n                                                                                <li class=\"active\"><span>18<\/span><\/li>\n                                                                                <li><a href=\"https:\/\/dkik.hu\/index.php\/api\/feeds\/page?page=19\">19<\/a><\/li>\n                                                                                <li><a href=\"https:\/\/dkik.hu\/index.php\/api\/feeds\/page?page=20\">20<\/a><\/li>\n                                                                                <li><a href=\"https:\/\/dkik.hu\/index.php\/api\/feeds\/page?page=21\">21<\/a><\/li>\n                                                                                    <li class=\"disabled\"><span>...<\/span><\/li>\n            \n                                \n                                                                        <li><a href=\"https:\/\/dkik.hu\/index.php\/api\/feeds\/page?page=193\">193<\/a><\/li>\n                                                                                <li><a href=\"https:\/\/dkik.hu\/index.php\/api\/feeds\/page?page=194\">194<\/a><\/li>\n                                                        \n                    <li class=\"right\"><a href=\"https:\/\/dkik.hu\/index.php\/api\/feeds\/page?page=19\" rel=\"next\"><span class=\"icon icon-arrow-flat-right\"><\/span><\/a><\/li>\n            <\/ul>\n\n","page":"18"}