{"content":"<div class=\"row inline-row\">\n                <div class=\"col-md-6 col-xs-12 inline-col feed-item\">\n            <div class=\"clearfix\">\r\n        <div class=\"img\">\r\n            <a  href=\"https:\/\/dkik.hu\/index.php\/hirek\/eloadas-az-uj-panasztorvennyel-kapcsolatos-kotelezettsegekrol\">\r\n                <img class=\"img-responsive img-center\" src=\"\/uploads\/feed_items\/small-business-1280-w-16957987049509.jpg\" alt=\"El\u0151ad\u00e1s az \u00faj panaszt\u00f6rv\u00e9nnyel kapcsolatos k\u00f6telezetts\u00e9gekr\u0151l\">\n            <\/a>\r\n        <\/div>\r\n        <div class=\"info\">\r\n            <div class=\"title\"><a  href=\"https:\/\/dkik.hu\/index.php\/hirek\/eloadas-az-uj-panasztorvennyel-kapcsolatos-kotelezettsegekrol\">El\u0151ad\u00e1s az \u00faj panaszt\u00f6rv\u00e9nnyel kapcsolatos k\u00f6telezetts\u00e9gekr\u0151l<\/a><\/div>\r\n                            <ul class=\"categories\">\r\n                                            <li><a style=\"background: #8dc63f; color: #ffffff\" href=\"https:\/\/dkik.hu\/index.php\/hirek\/helyi-kamara\">Helyi kamara<\/a><\/li>\r\n                                        <li><span class=\"public-at\">2023. szeptember 27.<\/span><\/li>\r\n                <\/ul>\r\n                        <div class=\"desc\"><p>Az \u00faj panaszt\u00f6rv\u00e9nnyel kapcsolatos k\u00f6telezetts\u00e9gek ismertet\u00e9se c\u00e9lj\u00e1b\u00f3l Duna\u00fajv\u00e1rosi Kereskedelmi \u00e9s Iparkamara t\u00e1j\u00e9koztat\u00f3 el\u0151ad\u00e1st szervez, amelyre tisztelettel megh\u00edvjuk \u00d6nt, vagy v\u00e1llalkoz\u00e1sa k\u00e9pvisel\u0151j\u00e9t. Id\u0151pont: 2023. okt\u00f3ber 3. 9.30 \u00f3ra.<\/p><\/div>\r\n        <\/div>\r\n    <\/div>\r\n        <\/div>\n            <div class=\"col-md-6 col-xs-12 inline-col feed-item\">\n            <div class=\"clearfix\">\r\n        <div class=\"img\">\r\n            <a  href=\"https:\/\/dkik.hu\/index.php\/hirek\/uzleti-partnerkereses-kabelkonfekcionalas-elektronika-teruleten\">\r\n                <img class=\"img-responsive img-center\" src=\"\/uploads\/feed_items\/small-pemac-16956359198204.jpg\" alt=\"\u00dczleti partnerkeres\u00e9s k\u00e1belkonfekcion\u00e1l\u00e1s, elektronika ter\u00fcleten\">\n            <\/a>\r\n        <\/div>\r\n        <div class=\"info\">\r\n            <div class=\"title\"><a  href=\"https:\/\/dkik.hu\/index.php\/hirek\/uzleti-partnerkereses-kabelkonfekcionalas-elektronika-teruleten\">\u00dczleti partnerkeres\u00e9s k\u00e1belkonfekcion\u00e1l\u00e1s, elektronika ter\u00fcleten<\/a><\/div>\r\n                            <ul class=\"categories\">\r\n                                            <li><a style=\"background: #8dc63f; color: #ffffff\" href=\"https:\/\/dkik.hu\/index.php\/hirek\/uzleti-ajanlatok\">\u00dczleti aj\u00e1nlatok<\/a><\/li>\r\n                                        <li><span class=\"public-at\">2023. szeptember 25.<\/span><\/li>\r\n                <\/ul>\r\n                        <div class=\"desc\"><p>T\u0151keer\u0151s, komoly technol\u00f3giai \u00e9s hum\u00e1ner\u0151forr\u00e1ssal, gy\u00e1rt\u00e1si kapacit\u00e1ssal rendelkez\u0151, Tolna v\u00e1rmegyei c\u00e9g&nbsp;(k\u00e1belkonfekcion\u00e1l\u00e1s, elektronika) keres&nbsp;\u00fczleti partnert\/partnereket!<\/p><\/div>\r\n        <\/div>\r\n    <\/div>\r\n        <\/div>\n            <div class=\"col-md-6 col-xs-12 inline-col feed-item\">\n            <div class=\"clearfix\">\r\n        <div class=\"img\">\r\n            <a  href=\"https:\/\/dkik.hu\/index.php\/hirek\/horvat-roman-hirek\">\r\n                <img class=\"img-responsive img-center\" src=\"\/uploads\/feed_items\/small-danube-1280-1695633051194.jpg\" alt=\"Horv\u00e1t, rom\u00e1n h\u00edrek, tenderek\">\n            <\/a>\r\n        <\/div>\r\n        <div class=\"info\">\r\n            <div class=\"title\"><a  href=\"https:\/\/dkik.hu\/index.php\/hirek\/horvat-roman-hirek\">Horv\u00e1t, rom\u00e1n h\u00edrek, tenderek<\/a><\/div>\r\n                            <ul class=\"categories\">\r\n                                            <li><a style=\"background: #8dc63f; color: #ffffff\" href=\"https:\/\/dkik.hu\/index.php\/hirek\/kulpiac\">K\u00fclpiac<\/a><\/li>\r\n                                        <li><span class=\"public-at\">2023. szeptember 25.<\/span><\/li>\r\n                <\/ul>\r\n                        <div class=\"desc\"><p>A Magyar Kereskedelmi \u00e9s Iparkamara Nemzetk\u00f6zi Igazgat\u00f3s\u00e1ga \u00e1ltal \u00f6ssze\u00e1ll\u00edtott gazdas\u00e1gi inform\u00e1ci\u00f3k: horv\u00e1t h\u00edrek, rom\u00e1n h\u00edrek, tenderek.<\/p><\/div>\r\n        <\/div>\r\n    <\/div>\r\n        <\/div>\n            <div class=\"col-md-6 col-xs-12 inline-col feed-item\">\n            <div class=\"clearfix\">\r\n        <div class=\"img\">\r\n            <a  href=\"https:\/\/dkik.hu\/index.php\/hirek\/hepa-meghivo-hu-usa-kettos-adoztatas\">\r\n                <img class=\"img-responsive img-center\" src=\"\/uploads\/feed_items\/small-new-york-1280-16956343383852.jpg\" alt=\"HEPA Megh\u00edv\u00f3: HU-USA kett\u0151s ad\u00f3ztat\u00e1s\">\n            <\/a>\r\n        <\/div>\r\n        <div class=\"info\">\r\n            <div class=\"title\"><a  href=\"https:\/\/dkik.hu\/index.php\/hirek\/hepa-meghivo-hu-usa-kettos-adoztatas\">HEPA Megh\u00edv\u00f3: HU-USA kett\u0151s ad\u00f3ztat\u00e1s<\/a><\/div>\r\n                            <ul class=\"categories\">\r\n                                            <li><a style=\"background: #8dc63f; color: #ffffff\" href=\"https:\/\/dkik.hu\/index.php\/hirek\/kulpiac\">K\u00fclpiac<\/a><\/li>\r\n                                        <li><span class=\"public-at\">2023. szeptember 22.<\/span><\/li>\r\n                <\/ul>\r\n                        <div class=\"desc\"><p>A HEPA Magyar Exportfejleszt\u00e9si \u00dcgyn\u00f6ks\u00e9g t\u00e1j\u00e9koztat\u00f3 rendezv\u00e9nyt szervez 2023. okt\u00f3ber 2-\u00e1n, t\u00e9m\u00e1ja az idei \u00e9v v\u00e9g\u00e9vel hat\u00e1ly\u00e1t vesz\u00edt\u0151, magyar-amerikai kett\u0151s ad\u00f3ztat\u00e1s elker\u00fcl\u00e9s\u00e9r\u0151l sz\u00f3l\u00f3 egyezm\u00e9nyhez kapcsol\u00f3d\u00f3, KKV-kat \u00e9rint\u0151 v\u00e1ltoz\u00e1sok.<\/p><\/div>\r\n        <\/div>\r\n    <\/div>\r\n        <\/div>\n            <div class=\"col-md-6 col-xs-12 inline-col feed-item\">\n            <div class=\"clearfix\">\r\n        <div class=\"img\">\r\n            <a  href=\"https:\/\/dkik.hu\/index.php\/hirek\/oip-palyazat-informatika-a-koz-szolgalataban-2023\">\r\n                <img class=\"img-responsive img-center\" src=\"\/uploads\/feed_items\/small-secretary-1280-16956339255596.jpg\" alt=\"OIP p\u00e1ly\u00e1zat: Informatika a k\u00f6z szolg\u00e1lat\u00e1ban 2023\">\n            <\/a>\r\n        <\/div>\r\n        <div class=\"info\">\r\n            <div class=\"title\"><a  href=\"https:\/\/dkik.hu\/index.php\/hirek\/oip-palyazat-informatika-a-koz-szolgalataban-2023\">OIP p\u00e1ly\u00e1zat: Informatika a k\u00f6z szolg\u00e1lat\u00e1ban 2023<\/a><\/div>\r\n                            <ul class=\"categories\">\r\n                                            <li><a style=\"background: #8dc63f; color: #ffffff\" href=\"https:\/\/dkik.hu\/index.php\/hirek\/palyazat\">P\u00e1ly\u00e1zat<\/a><\/li>\r\n                                        <li><span class=\"public-at\">2023. szeptember 22.<\/span><\/li>\r\n                <\/ul>\r\n                        <div class=\"desc\"><p>A p\u00e1ly\u00e1zat c\u00e9lja: lehet\u0151s\u00e9get teremteni a k\u00f6zt szolg\u00e1l\u00f3 szervezetek, az \u00e1ltaluk fenntartott int\u00e9zm\u00e9nyek sz\u00e1m\u00e1ra sz\u00e1m\u00edt\u00f3g\u00e9pparkjuk b\u0151v\u00edt\u00e9s\u00e9re ASP, E-recept, E-napl\u00f3 kompatibilis asztali sz\u00e1m\u00edt\u00f3g\u00e9peket tartalmaz\u00f3 szolg\u00e1ltat\u00e1scsomagok \u00e1ltal.<\/p><\/div>\r\n        <\/div>\r\n    <\/div>\r\n        <\/div>\n            <div class=\"col-md-6 col-xs-12 inline-col feed-item\">\n            <div class=\"clearfix\">\r\n        <div class=\"img\">\r\n            <a  href=\"https:\/\/dkik.hu\/index.php\/hirek\/otletbol-ertek-online-rendezveny\">\r\n                <img class=\"img-responsive img-center\" src=\"\/uploads\/feed_items\/small-oetlet-16951107991217.jpg\" alt=\"\u00d6tletb\u0151l \u00e9rt\u00e9k \u2013 online rendezv\u00e9ny\">\n            <\/a>\r\n        <\/div>\r\n        <div class=\"info\">\r\n            <div class=\"title\"><a  href=\"https:\/\/dkik.hu\/index.php\/hirek\/otletbol-ertek-online-rendezveny\">\u00d6tletb\u0151l \u00e9rt\u00e9k \u2013 online rendezv\u00e9ny<\/a><\/div>\r\n                            <ul class=\"categories\">\r\n                                            <li><a style=\"background: #8dc63f; color: #ffffff\" href=\"https:\/\/dkik.hu\/index.php\/hirek\/gazdasag\">Gazdas\u00e1g<\/a><\/li>\r\n                                        <li><span class=\"public-at\">2023. szeptember 19.<\/span><\/li>\r\n                <\/ul>\r\n                        <div class=\"desc\"><p>A Hajd\u00fa-Bihar V\u00e1rmegyei Kereskedelmi \u00e9s Iparkamara a Szellemi Tulajdon Nemzeti Hivatal\u00e1val egy\u00fcttm\u0171k\u00f6dve \u00d6tletb\u0151l \u00e9rt\u00e9k c\u00edm\u0171 online t\u00e1j\u00e9koztat\u00f3 rendezv\u00e9nyt szervez 2023. szeptember 25-\u00e9n.<\/p><\/div>\r\n        <\/div>\r\n    <\/div>\r\n        <\/div>\n            <div class=\"col-md-6 col-xs-12 inline-col feed-item\">\n            <div class=\"clearfix\">\r\n        <div class=\"img\">\r\n            <a  href=\"https:\/\/dkik.hu\/index.php\/hirek\/kulkereskedelemi-es-vaminformacios-nap-konzultacioval-egybekotott-workshop\">\r\n                <img class=\"img-responsive img-center\" src=\"\/uploads\/feed_items\/small-train-1280-16950389239223.jpg\" alt=\"K\u00fclkereskedelemi \u00e9s v\u00e1minform\u00e1ci\u00f3s nap: konzult\u00e1ci\u00f3val egybek\u00f6t\u00f6tt workshop\">\n            <\/a>\r\n        <\/div>\r\n        <div class=\"info\">\r\n            <div class=\"title\"><a  href=\"https:\/\/dkik.hu\/index.php\/hirek\/kulkereskedelemi-es-vaminformacios-nap-konzultacioval-egybekotott-workshop\">K\u00fclkereskedelemi \u00e9s v\u00e1minform\u00e1ci\u00f3s nap: konzult\u00e1ci\u00f3val egybek\u00f6t\u00f6tt workshop<\/a><\/div>\r\n                            <ul class=\"categories\">\r\n                                            <li><a style=\"background: #8dc63f; color: #ffffff\" href=\"https:\/\/dkik.hu\/index.php\/hirek\/kulpiac\">K\u00fclpiac<\/a><\/li>\r\n                                        <li><span class=\"public-at\">2023. szeptember 18.<\/span><\/li>\r\n                <\/ul>\r\n                        <div class=\"desc\"><p>A Fej\u00e9r V\u00e1rmegyei Kereskedelmi \u00e9s Iparkamara K\u00fclkereskedelmi \u00e9s v\u00e1minform\u00e1ci\u00f3s napot szervez 2023. szeptember 21-\u00e9n. Az el\u0151ad\u00f3k a t\u00e1j\u00e9koztat\u00e1son t\u00fal felh\u00edvj\u00e1k a figyelmet az \u00fajdons\u00e1gokra, buktat\u00f3kra, neh\u00e9zs\u00e9gekre \u00e9s ezek lehets\u00e9ges megold\u00e1saira.<\/p><\/div>\r\n        <\/div>\r\n    <\/div>\r\n        <\/div>\n            <div class=\"col-md-6 col-xs-12 inline-col feed-item\">\n            <div class=\"clearfix\">\r\n        <div class=\"img\">\r\n            <a  href=\"https:\/\/dkik.hu\/index.php\/hirek\/mohu-tajekoztatasa-a-julius-1-elotti-keszletek-atvetelerol\">\r\n                <img class=\"img-responsive img-center\" src=\"\/uploads\/feed_items\/small-mohu1-1694433547916.jpg\" alt=\"MOHU t\u00e1j\u00e9koztat\u00e1sa a j\u00falius 1. el\u0151tti k\u00e9szletek \u00e1tv\u00e9tel\u00e9r\u0151l\">\n            <\/a>\r\n        <\/div>\r\n        <div class=\"info\">\r\n            <div class=\"title\"><a  href=\"https:\/\/dkik.hu\/index.php\/hirek\/mohu-tajekoztatasa-a-julius-1-elotti-keszletek-atvetelerol\">MOHU t\u00e1j\u00e9koztat\u00e1sa a j\u00falius 1. el\u0151tti k\u00e9szletek \u00e1tv\u00e9tel\u00e9r\u0151l<\/a><\/div>\r\n                            <ul class=\"categories\">\r\n                                            <li><a style=\"background: #8dc63f; color: #ffffff\" href=\"https:\/\/dkik.hu\/index.php\/hirek\/gazdasag\">Gazdas\u00e1g<\/a><\/li>\r\n                                        <li><span class=\"public-at\">2023. szeptember 11.<\/span><\/li>\r\n                <\/ul>\r\n                        <div class=\"desc\"><p>MOHU MOL Hullad\u00e9kgazd\u00e1lkod\u00e1si Zrt. megkezdte a j\u00falius 1. el\u0151tti koncesszi\u00f3 hat\u00e1lya al\u00e1 tartoz\u00f3 hullad\u00e9kk\u00e9szletek \u00e1tv\u00e9tel\u00e9nek folyamat\u00e1t. A t\u00e1j\u00e9koztat\u00e1s szerint a p\u00e9nzben kifejezhet\u0151 \u00e9rt\u00e9k\u0171 hullad\u00e9kot ellent\u00e9telez\u00e9s fej\u00e9ben \u00e1tveszi a MOHU.<\/p><\/div>\r\n        <\/div>\r\n    <\/div>\r\n        <\/div>\n    <\/div>\n\n<ul class=\"pagination\">\n                    <li class=\"left\"><a href=\"https:\/\/dkik.hu\/index.php\/api\/feeds\/page?page=46\" rel=\"prev\"><span class=\"icon icon-arrow-flat-left\"><\/span><\/a><\/li>\n        \n                    \n                                                                        <li><a href=\"https:\/\/dkik.hu\/index.php\/api\/feeds\/page?page=1\">01<\/a><\/li>\n                                                                                <li><a href=\"https:\/\/dkik.hu\/index.php\/api\/feeds\/page?page=2\">02<\/a><\/li>\n                                                                                    <li class=\"disabled\"><span>...<\/span><\/li>\n            \n                                \n                                                                        <li><a href=\"https:\/\/dkik.hu\/index.php\/api\/feeds\/page?page=44\">44<\/a><\/li>\n                                                                                <li><a href=\"https:\/\/dkik.hu\/index.php\/api\/feeds\/page?page=45\">45<\/a><\/li>\n                                                                                <li><a href=\"https:\/\/dkik.hu\/index.php\/api\/feeds\/page?page=46\">46<\/a><\/li>\n                                                                                <li class=\"active\"><span>47<\/span><\/li>\n                                                                                <li><a href=\"https:\/\/dkik.hu\/index.php\/api\/feeds\/page?page=48\">48<\/a><\/li>\n                                                                                <li><a href=\"https:\/\/dkik.hu\/index.php\/api\/feeds\/page?page=49\">49<\/a><\/li>\n                                                                                <li><a href=\"https:\/\/dkik.hu\/index.php\/api\/feeds\/page?page=50\">50<\/a><\/li>\n                                                                                    <li class=\"disabled\"><span>...<\/span><\/li>\n            \n                                \n                                                                        <li><a href=\"https:\/\/dkik.hu\/index.php\/api\/feeds\/page?page=193\">193<\/a><\/li>\n                                                                                <li><a href=\"https:\/\/dkik.hu\/index.php\/api\/feeds\/page?page=194\">194<\/a><\/li>\n                                                        \n                    <li class=\"right\"><a href=\"https:\/\/dkik.hu\/index.php\/api\/feeds\/page?page=48\" rel=\"next\"><span class=\"icon icon-arrow-flat-right\"><\/span><\/a><\/li>\n            <\/ul>\n\n","page":"47"}