{"content":"<div class=\"row inline-row\">\n                <div class=\"col-md-6 col-xs-12 inline-col feed-item\">\n            <div class=\"clearfix\">\r\n        <div class=\"img\">\r\n            <a  href=\"https:\/\/dkik.hu\/index.php\/hirek\/hulladekszallitas-epr-dijfizetes-online-tajekoztato\">\r\n                <img class=\"img-responsive img-center\" src=\"\/uploads\/feed_items\/small-mohu3-16941647407418.jpg\" alt=\"Hullad\u00e9ksz\u00e1ll\u00edt\u00e1s, EPR d\u00edjfizet\u00e9s \u2013 Online t\u00e1j\u00e9koztat\u00f3\">\n            <\/a>\r\n        <\/div>\r\n        <div class=\"info\">\r\n            <div class=\"title\"><a  href=\"https:\/\/dkik.hu\/index.php\/hirek\/hulladekszallitas-epr-dijfizetes-online-tajekoztato\">Hullad\u00e9ksz\u00e1ll\u00edt\u00e1s, EPR d\u00edjfizet\u00e9s \u2013 Online t\u00e1j\u00e9koztat\u00f3<\/a><\/div>\r\n                            <ul class=\"categories\">\r\n                                            <li><a style=\"background: #8dc63f; color: #ffffff\" href=\"https:\/\/dkik.hu\/index.php\/hirek\/helyi-kamara\">Helyi kamara<\/a><\/li>\r\n                                            <li><a style=\"background: #8dc63f; color: #ffffff\" href=\"https:\/\/dkik.hu\/index.php\/hirek\/gazdasag\">Gazdas\u00e1g<\/a><\/li>\r\n                                        <li><span class=\"public-at\">2023. szeptember 08.<\/span><\/li>\r\n                <\/ul>\r\n                        <div class=\"desc\"><p>Hullad\u00e9kgazd\u00e1lkod\u00e1s, EPR d\u00edjfizet\u00e9s. V\u00e1llalkoz\u00f3ink k\u00e9r\u00e9s\u00e9re ism\u00e9t&nbsp;online programot&nbsp;szervez\u00fcnk a&nbsp;MOHU Zrt. el\u0151ad\u00f3ival a t\u00e9m\u00e1ban&nbsp;2023. okt\u00f3ber 3-\u00e1n 13.00 \u00f3rakor.&nbsp; V\u00e1rjuk k\u00e9rd\u00e9seiket!<\/p><\/div>\r\n        <\/div>\r\n    <\/div>\r\n        <\/div>\n            <div class=\"col-md-6 col-xs-12 inline-col feed-item\">\n            <div class=\"clearfix\">\r\n        <div class=\"img\">\r\n            <a  href=\"https:\/\/dkik.hu\/index.php\/hirek\/palyazat-fejer-varmegyei-bekelteto-testulet-tagi-es-elnoki-poziciora\">\r\n                <img class=\"img-responsive img-center\" src=\"\/uploads\/feed_items\/small-office-1280-1-16939904105316.jpg\" alt=\"P\u00e1ly\u00e1zat Fej\u00e9r V\u00e1rmegyei B\u00e9k\u00e9ltet\u0151 Test\u00fclet tagi \u00e9s eln\u00f6ki poz\u00edci\u00f3ra\">\n            <\/a>\r\n        <\/div>\r\n        <div class=\"info\">\r\n            <div class=\"title\"><a  href=\"https:\/\/dkik.hu\/index.php\/hirek\/palyazat-fejer-varmegyei-bekelteto-testulet-tagi-es-elnoki-poziciora\">P\u00e1ly\u00e1zat Fej\u00e9r V\u00e1rmegyei B\u00e9k\u00e9ltet\u0151 Test\u00fclet tagi \u00e9s eln\u00f6ki poz\u00edci\u00f3ra<\/a><\/div>\r\n                            <ul class=\"categories\">\r\n                                            <li><a style=\"background: #8dc63f; color: #ffffff\" href=\"https:\/\/dkik.hu\/index.php\/hirek\/palyazat\">P\u00e1ly\u00e1zat<\/a><\/li>\r\n                                        <li><span class=\"public-at\">2023. szeptember 06.<\/span><\/li>\r\n                <\/ul>\r\n                        <div class=\"desc\"><p>A Fej\u00e9r V\u00e1rmegyei Kereskedelmi \u00e9s Iparkamara a fogyaszt\u00f3v\u00e9delemr\u0151l sz\u00f3l\u00f3 t\u00f6rv\u00e9ny alapj\u00e1n p\u00e1ly\u00e1zatot hirdet a Fej\u00e9r V\u00e1rmegyei Kereskedelmi \u00e9s Iparkamara \u00e1ltal m\u0171k\u00f6dtetett b\u00e9k\u00e9ltet\u0151 test\u00fcletn\u00e9l b\u00e9k\u00e9ltet\u0151 test\u00fcleti tag\/eln\u00f6k tiszts\u00e9g bet\u00f6lt\u00e9s\u00e9re.<\/p><\/div>\r\n        <\/div>\r\n    <\/div>\r\n        <\/div>\n            <div class=\"col-md-6 col-xs-12 inline-col feed-item\">\n            <div class=\"clearfix\">\r\n        <div class=\"img\">\r\n            <a  href=\"https:\/\/dkik.hu\/index.php\/hirek\/specialis-muveszeti-csapatepito-programok-a-kozos-alkotas-orome\">\r\n                <img class=\"img-responsive img-center\" src=\"\/uploads\/feed_items\/small-art-1280-16939143226522.jpg\" alt=\"Speci\u00e1lis, m\u0171v\u00e9szeti csapat\u00e9p\u00edt\u0151 programok: a k\u00f6z\u00f6s alkot\u00e1s \u00f6r\u00f6me\">\n            <\/a>\r\n        <\/div>\r\n        <div class=\"info\">\r\n            <div class=\"title\"><a  href=\"https:\/\/dkik.hu\/index.php\/hirek\/specialis-muveszeti-csapatepito-programok-a-kozos-alkotas-orome\">Speci\u00e1lis, m\u0171v\u00e9szeti csapat\u00e9p\u00edt\u0151 programok: a k\u00f6z\u00f6s alkot\u00e1s \u00f6r\u00f6me<\/a><\/div>\r\n                            <ul class=\"categories\">\r\n                                            <li><a style=\"background: #8dc63f; color: #ffffff\" href=\"https:\/\/dkik.hu\/index.php\/hirek\/uzleti-ajanlatok\">\u00dczleti aj\u00e1nlatok<\/a><\/li>\r\n                                        <li><span class=\"public-at\">2023. szeptember 05.<\/span><\/li>\r\n                <\/ul>\r\n                        <div class=\"desc\"><p>Csapat\u00e9p\u00edt\u0151 programok v\u00e1llalkoz\u00e1soknak, c\u00e9geknek, v\u00e1llalatoknak, munkahelyi kollekt\u00edv\u00e1knak, bar\u00e1ti t\u00e1rsas\u00e1goknak az Eversmile Bt. \u00fcgyvezet\u0151je, Kar\u00e1di Tam\u00e1s aj\u00e1nl\u00e1s\u00e1val.<\/p><\/div>\r\n        <\/div>\r\n    <\/div>\r\n        <\/div>\n            <div class=\"col-md-6 col-xs-12 inline-col feed-item\">\n            <div class=\"clearfix\">\r\n        <div class=\"img\">\r\n            <a  href=\"https:\/\/dkik.hu\/index.php\/hirek\/hepa-celpiaci-trening-egyiptom-es-az-egyesult-arab-emirsegek\">\r\n                <img class=\"img-responsive img-center\" src=\"\/uploads\/feed_items\/small-tarkiz-16938250243554.jpg\" alt=\"HEPA c\u00e9lpiaci tr\u00e9ning: Egyiptom \u00e9s az Egyes\u00fclt Arab Em\u00edrs\u00e9gek\">\n            <\/a>\r\n        <\/div>\r\n        <div class=\"info\">\r\n            <div class=\"title\"><a  href=\"https:\/\/dkik.hu\/index.php\/hirek\/hepa-celpiaci-trening-egyiptom-es-az-egyesult-arab-emirsegek\">HEPA c\u00e9lpiaci tr\u00e9ning: Egyiptom \u00e9s az Egyes\u00fclt Arab Em\u00edrs\u00e9gek<\/a><\/div>\r\n                            <ul class=\"categories\">\r\n                                            <li><a style=\"background: #8dc63f; color: #ffffff\" href=\"https:\/\/dkik.hu\/index.php\/hirek\/kulpiac\">K\u00fclpiac<\/a><\/li>\r\n                                        <li><span class=\"public-at\">2023. szeptember 04.<\/span><\/li>\r\n                <\/ul>\r\n                        <div class=\"desc\"><p>K\u00e9tnapos Egyiptom, illetve Egyes\u00fclt Arab Em\u00edrs\u00e9gek f\u00f3kusz\u00fa c\u00e9lpiaci tr\u00e9ning a HEPA Magyar Exportfejleszt\u00e9si \u00dcgyn\u00f6ks\u00e9g Exportakad\u00e9mia K\u00e9pz\u00e9si K\u00f6zpontj\u00e1nak szervez\u00e9s\u00e9ben szeptemberben.<\/p><\/div>\r\n        <\/div>\r\n    <\/div>\r\n        <\/div>\n            <div class=\"col-md-6 col-xs-12 inline-col feed-item\">\n            <div class=\"clearfix\">\r\n        <div class=\"img\">\r\n            <a  href=\"https:\/\/dkik.hu\/index.php\/hirek\/budapest-business-trip-uzleti-forum\">\r\n                <img class=\"img-responsive img-center\" src=\"\/uploads\/feed_items\/small-bp-london-16938208859204.jpg\" alt=\"Budapest Business Trip \u00dczleti F\u00f3rum\">\n            <\/a>\r\n        <\/div>\r\n        <div class=\"info\">\r\n            <div class=\"title\"><a  href=\"https:\/\/dkik.hu\/index.php\/hirek\/budapest-business-trip-uzleti-forum\">Budapest Business Trip \u00dczleti F\u00f3rum<\/a><\/div>\r\n                            <ul class=\"categories\">\r\n                                            <li><a style=\"background: #8dc63f; color: #ffffff\" href=\"https:\/\/dkik.hu\/index.php\/hirek\/kulpiac\">K\u00fclpiac<\/a><\/li>\r\n                                        <li><span class=\"public-at\">2023. szeptember 04.<\/span><\/li>\r\n                <\/ul>\r\n                        <div class=\"desc\"><p>A Hungarian British Business Alliance Magyarorsz\u00e1g Londoni Nagyk\u00f6vets\u00e9g\u00e9vel \u00e9s a HEPA Magyar Exportfejleszt\u00e9si \u00dcgyn\u00f6ks\u00e9ggel k\u00f6z\u00f6sen k\u00e9tnapos rendezv\u00e9nyt szervez Budapesten 2023. okt\u00f3ber 4-5-\u00e9n.<\/p><\/div>\r\n        <\/div>\r\n    <\/div>\r\n        <\/div>\n            <div class=\"col-md-6 col-xs-12 inline-col feed-item\">\n            <div class=\"clearfix\">\r\n        <div class=\"img\">\r\n            <a  href=\"https:\/\/dkik.hu\/index.php\/hirek\/mnb-versenykepessegi-tukor-cimu-kiadvanya\">\r\n                <img class=\"img-responsive img-center\" src=\"\/uploads\/feed_items\/small-mnb1-16938205319598.jpg\" alt=\"MNB Versenyk\u00e9pess\u00e9gi t\u00fck\u00f6r c\u00edm\u0171 kiadv\u00e1nya\">\n            <\/a>\r\n        <\/div>\r\n        <div class=\"info\">\r\n            <div class=\"title\"><a  href=\"https:\/\/dkik.hu\/index.php\/hirek\/mnb-versenykepessegi-tukor-cimu-kiadvanya\">MNB Versenyk\u00e9pess\u00e9gi t\u00fck\u00f6r c\u00edm\u0171 kiadv\u00e1nya<\/a><\/div>\r\n                            <ul class=\"categories\">\r\n                                            <li><a style=\"background: #8dc63f; color: #ffffff\" href=\"https:\/\/dkik.hu\/index.php\/hirek\/gazdasag\">Gazdas\u00e1g<\/a><\/li>\r\n                                        <li><span class=\"public-at\">2023. szeptember 04.<\/span><\/li>\r\n                <\/ul>\r\n                        <div class=\"desc\"><p>A Magyar Nemzeti Bank (MNB), Versenyk\u00e9pess\u00e9gi T\u00fck\u00f6r c\u00edm\u0171 publik\u00e1ci\u00f3j\u00e1nak c\u00e9lja az MNB \u00e1ltal megfogalmazott versenyk\u00e9pess\u00e9gi ir\u00e1nyok \u00e9s javaslatok teljes\u00fcl\u00e9s\u00e9nek nyomon k\u00f6vet\u00e9se, ami hozz\u00e1j\u00e1rul a sz\u00fcks\u00e9ges versenyk\u00e9pess\u00e9gi fordulat megval\u00f3sul\u00e1s\u00e1hoz.<\/p><\/div>\r\n        <\/div>\r\n    <\/div>\r\n        <\/div>\n            <div class=\"col-md-6 col-xs-12 inline-col feed-item\">\n            <div class=\"clearfix\">\r\n        <div class=\"img\">\r\n            <a  href=\"https:\/\/dkik.hu\/index.php\/hirek\/hepa-online-piaci-jelenlet-marketing-eszkozok-tukreben\">\r\n                <img class=\"img-responsive img-center\" src=\"\/uploads\/feed_items\/small-tarkiz-16938139296405.jpg\" alt=\"HEPA: Online piaci jelenl\u00e9t \u2013 marketing eszk\u00f6z\u00f6k t\u00fckr\u00e9ben\">\n            <\/a>\r\n        <\/div>\r\n        <div class=\"info\">\r\n            <div class=\"title\"><a  href=\"https:\/\/dkik.hu\/index.php\/hirek\/hepa-online-piaci-jelenlet-marketing-eszkozok-tukreben\">HEPA: Online piaci jelenl\u00e9t \u2013 marketing eszk\u00f6z\u00f6k t\u00fckr\u00e9ben<\/a><\/div>\r\n                            <ul class=\"categories\">\r\n                                            <li><a style=\"background: #8dc63f; color: #ffffff\" href=\"https:\/\/dkik.hu\/index.php\/hirek\/gazdasag\">Gazdas\u00e1g<\/a><\/li>\r\n                                        <li><span class=\"public-at\">2023. szeptember 04.<\/span><\/li>\r\n                <\/ul>\r\n                        <div class=\"desc\"><p>A HEPA Magyar Exportfejleszt\u00e9si \u00dcgyn\u00f6ks\u00e9g Exportakad\u00e9mia K\u00e9pz\u00e9si K\u00f6zpontj\u00e1nak szervez\u00e9s\u00e9ben 3 napos \u201eOnline piaci jelenl\u00e9t \u2013 marketing eszk\u00f6z\u00f6k t\u00fckr\u00e9ben\u201d k\u00e9pz\u00e9s val\u00f3sul meg szeptemberben.<\/p><\/div>\r\n        <\/div>\r\n    <\/div>\r\n        <\/div>\n            <div class=\"col-md-6 col-xs-12 inline-col feed-item\">\n            <div class=\"clearfix\">\r\n        <div class=\"img\">\r\n            <a  href=\"https:\/\/dkik.hu\/index.php\/hirek\/nav-mentor-program-gyakran-ismetelt-kerdesek\">\r\n                <img class=\"img-responsive img-center\" src=\"\/uploads\/feed_items\/small-nav-1693811882692.png\" alt=\"NAV Mentor Program Gyakran ism\u00e9telt k\u00e9rd\u00e9sek\">\n            <\/a>\r\n        <\/div>\r\n        <div class=\"info\">\r\n            <div class=\"title\"><a  href=\"https:\/\/dkik.hu\/index.php\/hirek\/nav-mentor-program-gyakran-ismetelt-kerdesek\">NAV Mentor Program Gyakran ism\u00e9telt k\u00e9rd\u00e9sek<\/a><\/div>\r\n                            <ul class=\"categories\">\r\n                                            <li><a style=\"background: #8dc63f; color: #ffffff\" href=\"https:\/\/dkik.hu\/index.php\/hirek\/gazdasag\">Gazdas\u00e1g<\/a><\/li>\r\n                                        <li><span class=\"public-at\">2023. szeptember 04.<\/span><\/li>\r\n                <\/ul>\r\n                        <div class=\"desc\"><p>A Nemzeti Ad\u00f3- \u00e9s V\u00e1mhivatal (NAV) kezd\u0151 v\u00e1llalkoz\u00e1soknak, f\u0151k\u00e9pp mikro-, kis- \u00e9s k\u00f6z\u00e9pv\u00e1llalkoz\u00e1soknak a megalakul\u00e1sukt\u00f3l sz\u00e1m\u00edtva 30 napon bel\u00fcl Mentor Program lehet\u0151s\u00e9get k\u00edn\u00e1l.<\/p><\/div>\r\n        <\/div>\r\n    <\/div>\r\n        <\/div>\n    <\/div>\n\n<ul class=\"pagination\">\n                    <li class=\"left\"><a href=\"https:\/\/dkik.hu\/index.php\/api\/feeds\/page?page=47\" rel=\"prev\"><span class=\"icon icon-arrow-flat-left\"><\/span><\/a><\/li>\n        \n                    \n                                                                        <li><a href=\"https:\/\/dkik.hu\/index.php\/api\/feeds\/page?page=1\">01<\/a><\/li>\n                                                                                <li><a href=\"https:\/\/dkik.hu\/index.php\/api\/feeds\/page?page=2\">02<\/a><\/li>\n                                                                                    <li class=\"disabled\"><span>...<\/span><\/li>\n            \n                                \n                                                                        <li><a href=\"https:\/\/dkik.hu\/index.php\/api\/feeds\/page?page=45\">45<\/a><\/li>\n                                                                                <li><a href=\"https:\/\/dkik.hu\/index.php\/api\/feeds\/page?page=46\">46<\/a><\/li>\n                                                                                <li><a href=\"https:\/\/dkik.hu\/index.php\/api\/feeds\/page?page=47\">47<\/a><\/li>\n                                                                                <li class=\"active\"><span>48<\/span><\/li>\n                                                                                <li><a href=\"https:\/\/dkik.hu\/index.php\/api\/feeds\/page?page=49\">49<\/a><\/li>\n                                                                                <li><a href=\"https:\/\/dkik.hu\/index.php\/api\/feeds\/page?page=50\">50<\/a><\/li>\n                                                                                <li><a href=\"https:\/\/dkik.hu\/index.php\/api\/feeds\/page?page=51\">51<\/a><\/li>\n                                                                                    <li class=\"disabled\"><span>...<\/span><\/li>\n            \n                                \n                                                                        <li><a href=\"https:\/\/dkik.hu\/index.php\/api\/feeds\/page?page=193\">193<\/a><\/li>\n                                                                                <li><a href=\"https:\/\/dkik.hu\/index.php\/api\/feeds\/page?page=194\">194<\/a><\/li>\n                                                        \n                    <li class=\"right\"><a href=\"https:\/\/dkik.hu\/index.php\/api\/feeds\/page?page=49\" rel=\"next\"><span class=\"icon icon-arrow-flat-right\"><\/span><\/a><\/li>\n            <\/ul>\n\n","page":"48"}