{"content":"<div class=\"row inline-row\">\n                <div class=\"col-md-6 col-xs-12 inline-col feed-item\">\n            <div class=\"clearfix\">\r\n        <div class=\"img\">\r\n            <a  href=\"https:\/\/dkik.hu\/index.php\/hirek\/lcci-export-catalogue-nr5\">\r\n                <img class=\"img-responsive img-center\" src=\"\/uploads\/feed_items\/small-lcci-16571794862346.jpg\" alt=\"LCCI Export Catalogue Nr.5\">\n            <\/a>\r\n        <\/div>\r\n        <div class=\"info\">\r\n            <div class=\"title\"><a  href=\"https:\/\/dkik.hu\/index.php\/hirek\/lcci-export-catalogue-nr5\">LCCI Export Catalogue Nr.5<\/a><\/div>\r\n                            <ul class=\"categories\">\r\n                                            <li><a style=\"background: #8dc63f; color: #ffffff\" href=\"https:\/\/dkik.hu\/index.php\/hirek\/kulpiac\">K\u00fclpiac<\/a><\/li>\r\n                                        <li><span class=\"public-at\">2022. j\u00falius 07.<\/span><\/li>\r\n                <\/ul>\r\n                        <div class=\"desc\"><p>Megjelent a Lett Kereskedelmi \u00e9s Iparkamara legfrissebb exportkatal\u00f3gusa, amely az <a href=\"https:\/\/drive.google.com\/file\/d\/1yG-_CA38le8V1K2iRAjDiGTn_f_i_2VB\/view?usp=sharing\">LCCI EXPORT CATALOGUE Nr.5<\/a> linken kereszt\u00fcl \u00e9rhet\u0151 el.<\/p><\/div>\r\n        <\/div>\r\n    <\/div>\r\n        <\/div>\n            <div class=\"col-md-6 col-xs-12 inline-col feed-item\">\n            <div class=\"clearfix\">\r\n        <div class=\"img\">\r\n            <a  href=\"https:\/\/dkik.hu\/index.php\/hirek\/nyari-palyaorientacios-taborok-a-kamara-es-a-szakkepzesi-centrum-szervezeseben\">\r\n                <img class=\"img-responsive img-center\" src=\"\/uploads\/feed_items\/small-dsc-0075-16570946541049.jpg\" alt=\"Ny\u00e1ri p\u00e1lyaorient\u00e1ci\u00f3s t\u00e1borok a kamara \u00e9s a szakk\u00e9pz\u00e9si centrum szervez\u00e9s\u00e9ben\">\n            <\/a>\r\n        <\/div>\r\n        <div class=\"info\">\r\n            <div class=\"title\"><a  href=\"https:\/\/dkik.hu\/index.php\/hirek\/nyari-palyaorientacios-taborok-a-kamara-es-a-szakkepzesi-centrum-szervezeseben\">Ny\u00e1ri p\u00e1lyaorient\u00e1ci\u00f3s t\u00e1borok a kamara \u00e9s a szakk\u00e9pz\u00e9si centrum szervez\u00e9s\u00e9ben<\/a><\/div>\r\n                            <ul class=\"categories\">\r\n                                            <li><a style=\"background: #8dc63f; color: #ffffff\" href=\"https:\/\/dkik.hu\/index.php\/hirek\/helyi-kamara\">Helyi kamara<\/a><\/li>\r\n                                        <li><span class=\"public-at\">2022. j\u00falius 06.<\/span><\/li>\r\n                <\/ul>\r\n                        <div class=\"desc\"><p>P\u00e1lyaorient\u00e1ci\u00f3s ny\u00e1ri t\u00e1bort szervezett a Duna\u00fajv\u00e1rosi Kereskedelmi \u00e9s Iparkamara \u00e9s a Duna\u00fajv\u00e1rosi Szakk\u00e9pz\u00e9si Centrum. A k\u00e9t turnusban k\u00f6zel \u00f6tven hetedik, nyolcadik oszt\u00e1lyos \u00e1ltal\u00e1nos iskol\u00e1s vett r\u00e9szt a Digit\u00e1lis K\u00f6z\u00f6ss\u00e9gi Alkot\u00f3m\u0171helyben.<\/p><\/div>\r\n        <\/div>\r\n    <\/div>\r\n        <\/div>\n            <div class=\"col-md-6 col-xs-12 inline-col feed-item\">\n            <div class=\"clearfix\">\r\n        <div class=\"img\">\r\n            <a  href=\"https:\/\/dkik.hu\/index.php\/hirek\/design-management-dij-meghosszabbitott-nevezesi-hatarido\">\r\n                <img class=\"img-responsive img-center\" src=\"\/uploads\/feed_items\/small-cover-2022-kep-honlap-720px-0-16571802205344.png\" alt=\"Design Management D\u00edj: meghosszabb\u00edtott nevez\u00e9si hat\u00e1rid\u0151\">\n            <\/a>\r\n        <\/div>\r\n        <div class=\"info\">\r\n            <div class=\"title\"><a  href=\"https:\/\/dkik.hu\/index.php\/hirek\/design-management-dij-meghosszabbitott-nevezesi-hatarido\">Design Management D\u00edj: meghosszabb\u00edtott nevez\u00e9si hat\u00e1rid\u0151<\/a><\/div>\r\n                            <ul class=\"categories\">\r\n                                            <li><a style=\"background: #8dc63f; color: #ffffff\" href=\"https:\/\/dkik.hu\/index.php\/hirek\/palyazat\">P\u00e1ly\u00e1zat<\/a><\/li>\r\n                                        <li><span class=\"public-at\">2022. j\u00falius 06.<\/span><\/li>\r\n                <\/ul>\r\n                        <div class=\"desc\"><p>Ism\u00e9telten figyelm\u00fckbe aj\u00e1nljuk a Magyar Formatervez\u00e9si Tan\u00e1cs felh\u00edv\u00e1s\u00e1t, a Design Management D\u00edj p\u00e1ly\u00e1zatot, melyen augusztus 1-j\u00e9n \u00e9jf\u00e9lig m\u00e9g nevezhetnek a kiv\u00e1l\u00f3 designmenedzsment-gyakorlatot folytat\u00f3 szervezetek.<\/p><\/div>\r\n        <\/div>\r\n    <\/div>\r\n        <\/div>\n            <div class=\"col-md-6 col-xs-12 inline-col feed-item\">\n            <div class=\"clearfix\">\r\n        <div class=\"img\">\r\n            <a  href=\"https:\/\/dkik.hu\/index.php\/hirek\/horizont-europa-missziok-a-fenntarthatosagert\">\r\n                <img class=\"img-responsive img-center\" src=\"\/uploads\/feed_items\/small-nature-1280-16570039979843.jpg\" alt=\"Horizont Eur\u00f3pa Misszi\u00f3k a fenntarthat\u00f3s\u00e1g\u00e9rt\">\n            <\/a>\r\n        <\/div>\r\n        <div class=\"info\">\r\n            <div class=\"title\"><a  href=\"https:\/\/dkik.hu\/index.php\/hirek\/horizont-europa-missziok-a-fenntarthatosagert\">Horizont Eur\u00f3pa Misszi\u00f3k a fenntarthat\u00f3s\u00e1g\u00e9rt<\/a><\/div>\r\n                            <ul class=\"categories\">\r\n                                            <li><a style=\"background: #8dc63f; color: #ffffff\" href=\"https:\/\/dkik.hu\/index.php\/hirek\/gazdasag\">Gazdas\u00e1g<\/a><\/li>\r\n                                        <li><span class=\"public-at\">2022. j\u00falius 04.<\/span><\/li>\r\n                <\/ul>\r\n                        <div class=\"desc\"><p>A Nemzeti Kutat\u00e1si, Fejleszt\u00e9si \u00e9s Innov\u00e1ci\u00f3s hivatal \u201eHorizont Eur\u00f3pa Misszi\u00f3k a fenntarthat\u00f3s\u00e1g\u00e9rt\u201d c\u00edmmel szervez inform\u00e1ci\u00f3s napot, melynek megrendez\u00e9s\u00e9re hibrid form\u00e1ban ker\u00fcl sor 2022. j\u00falius 6-\u00e1n, szerd\u00e1n.<\/p><\/div>\r\n        <\/div>\r\n    <\/div>\r\n        <\/div>\n            <div class=\"col-md-6 col-xs-12 inline-col feed-item\">\n            <div class=\"clearfix\">\r\n        <div class=\"img\">\r\n            <a  href=\"https:\/\/dkik.hu\/index.php\/hirek\/fenntarthatosagi-vallalkozoi-szemleletformalas-hulladekkezeles-hulladekgazdalkodas\">\r\n                <img class=\"img-responsive img-center\" src=\"\/uploads\/feed_items\/small-nature-1280-16566656202182.jpg\" alt=\"Fenntarthat\u00f3s\u00e1gi V\u00e1llalkoz\u00f3i Szeml\u00e9letform\u00e1l\u00e1s: Hullad\u00e9kkezel\u00e9s, hullad\u00e9kgazd\u00e1lkod\u00e1s\">\n            <\/a>\r\n        <\/div>\r\n        <div class=\"info\">\r\n            <div class=\"title\"><a  href=\"https:\/\/dkik.hu\/index.php\/hirek\/fenntarthatosagi-vallalkozoi-szemleletformalas-hulladekkezeles-hulladekgazdalkodas\">Fenntarthat\u00f3s\u00e1gi V\u00e1llalkoz\u00f3i Szeml\u00e9letform\u00e1l\u00e1s: Hullad\u00e9kkezel\u00e9s, hullad\u00e9kgazd\u00e1lkod\u00e1s<\/a><\/div>\r\n                            <ul class=\"categories\">\r\n                                            <li><a style=\"background: #8dc63f; color: #ffffff\" href=\"https:\/\/dkik.hu\/index.php\/hirek\/gazdasag\">Gazdas\u00e1g<\/a><\/li>\r\n                                        <li><span class=\"public-at\">2022. j\u00falius 01.<\/span><\/li>\r\n                <\/ul>\r\n                        <div class=\"desc\"><p>M\u00e1r akt\u00edvan zajlanak a Fenntarthat\u00f3s\u00e1gi V\u00e1llalkoz\u00f3i Szeml\u00e9letform\u00e1l\u00e1s programjai. A k\u00f6vetkez\u0151, r\u00e9gi\u00f3s programelem <strong>2022.07.12-\u00e9n (kedden) 9.00 \u00f3r\u00e1t\u00f3l<\/strong>&nbsp;ker\u00fcl megrendez\u00e9sre Sz\u00e9kesfeh\u00e9rv\u00e1ron, a Gazdas\u00e1g H\u00e1z\u00e1ban.<\/p><\/div>\r\n        <\/div>\r\n    <\/div>\r\n        <\/div>\n            <div class=\"col-md-6 col-xs-12 inline-col feed-item\">\n            <div class=\"clearfix\">\r\n        <div class=\"img\">\r\n            <a  href=\"https:\/\/dkik.hu\/index.php\/hirek\/az-ellatasi-lancok-atvilagitasarol-szolo-nemet-torveny\">\r\n                <img class=\"img-responsive img-center\" src=\"\/uploads\/feed_items\/small-pull-1280-16565752194355.jpg\" alt=\"Az ell\u00e1t\u00e1si l\u00e1ncok \u00e1tvil\u00e1g\u00edt\u00e1s\u00e1r\u00f3l sz\u00f3l\u00f3 n\u00e9met t\u00f6rv\u00e9ny\">\n            <\/a>\r\n        <\/div>\r\n        <div class=\"info\">\r\n            <div class=\"title\"><a  href=\"https:\/\/dkik.hu\/index.php\/hirek\/az-ellatasi-lancok-atvilagitasarol-szolo-nemet-torveny\">Az ell\u00e1t\u00e1si l\u00e1ncok \u00e1tvil\u00e1g\u00edt\u00e1s\u00e1r\u00f3l sz\u00f3l\u00f3 n\u00e9met t\u00f6rv\u00e9ny<\/a><\/div>\r\n                            <ul class=\"categories\">\r\n                                            <li><a style=\"background: #8dc63f; color: #ffffff\" href=\"https:\/\/dkik.hu\/index.php\/hirek\/kulpiac\">K\u00fclpiac<\/a><\/li>\r\n                                        <li><span class=\"public-at\">2022. j\u00fanius 30.<\/span><\/li>\r\n                <\/ul>\r\n                        <div class=\"desc\"><p>2023. janu\u00e1r 01-j\u00e9n l\u00e9p hat\u00e1lyba az ell\u00e1t\u00e1si l\u00e1ncok \u00e1tvil\u00e1g\u00edt\u00e1s\u00e1r\u00f3l sz\u00f3l\u00f3 t\u00f6rv\u00e9ny, amely szinte minden \u2013&nbsp;a n\u00e9met v\u00e1llalatokkal kereskedelmi l\u00e1ncban m\u0171k\u00f6d\u0151 \u2013 v\u00e1llalatot \u00e9rinteni fog.<\/p><\/div>\r\n        <\/div>\r\n    <\/div>\r\n        <\/div>\n            <div class=\"col-md-6 col-xs-12 inline-col feed-item\">\n            <div class=\"clearfix\">\r\n        <div class=\"img\">\r\n            <a  href=\"https:\/\/dkik.hu\/index.php\/hirek\/modosult-a-rendelet-a-strategiai-jelentosegu-epitoipari-nyersanyagokkal-kapcsolatban\">\r\n                <img class=\"img-responsive img-center\" src=\"\/uploads\/feed_items\/small-construction-steel-1280-16560593552932.jpg\" alt=\"M\u00f3dosult a rendelet a strat\u00e9giai jelent\u0151s\u00e9g\u0171 \u00e9p\u00edt\u0151ipari nyersanyagokkal kapcsolatban\">\n            <\/a>\r\n        <\/div>\r\n        <div class=\"info\">\r\n            <div class=\"title\"><a  href=\"https:\/\/dkik.hu\/index.php\/hirek\/modosult-a-rendelet-a-strategiai-jelentosegu-epitoipari-nyersanyagokkal-kapcsolatban\">M\u00f3dosult a rendelet a strat\u00e9giai jelent\u0151s\u00e9g\u0171 \u00e9p\u00edt\u0151ipari nyersanyagokkal kapcsolatban<\/a><\/div>\r\n                            <ul class=\"categories\">\r\n                                            <li><a style=\"background: #8dc63f; color: #ffffff\" href=\"https:\/\/dkik.hu\/index.php\/hirek\/gazdasag\">Gazdas\u00e1g<\/a><\/li>\r\n                                        <li><span class=\"public-at\">2022. j\u00fanius 24.<\/span><\/li>\r\n                <\/ul>\r\n                        <div class=\"desc\"><p>T\u00e1j\u00e9koztat\u00e1s \u00e9p\u00edt\u0151ipari ell\u00e1t\u00e1sbiztons\u00e1g szempontj\u00e1b\u00f3l strat\u00e9giai jelent\u0151s\u00e9g\u0171 nyersanyagok \u00e9s term\u00e9kek kivitel\u00e9vel kapcsolatos regisztr\u00e1ci\u00f3s elj\u00e1r\u00e1sr\u00f3l \u00e9s egy\u00e9b int\u00e9zked\u00e9sekr\u0151l sz\u00f3l\u00f3 rendelet m\u00f3dos\u00edt\u00e1s\u00e1r\u00f3l.<\/p><\/div>\r\n        <\/div>\r\n    <\/div>\r\n        <\/div>\n            <div class=\"col-md-6 col-xs-12 inline-col feed-item\">\n            <div class=\"clearfix\">\r\n        <div class=\"img\">\r\n            <a  href=\"https:\/\/dkik.hu\/index.php\/hirek\/partnerkereses-magyar-uzbeg-startup-es-kutatas-fejlesztesi-program\">\r\n                <img class=\"img-responsive img-center\" src=\"\/uploads\/feed_items\/small-tashkent-1280-16559655832407.jpg\" alt=\"Partnerkeres\u00e9s: Magyar-\u00dczb\u00e9g Startup \u00e9s Kutat\u00e1s-fejleszt\u00e9si Program\">\n            <\/a>\r\n        <\/div>\r\n        <div class=\"info\">\r\n            <div class=\"title\"><a  href=\"https:\/\/dkik.hu\/index.php\/hirek\/partnerkereses-magyar-uzbeg-startup-es-kutatas-fejlesztesi-program\">Partnerkeres\u00e9s: Magyar-\u00dczb\u00e9g Startup \u00e9s Kutat\u00e1s-fejleszt\u00e9si Program<\/a><\/div>\r\n                            <ul class=\"categories\">\r\n                                            <li><a style=\"background: #8dc63f; color: #ffffff\" href=\"https:\/\/dkik.hu\/index.php\/hirek\/palyazat\">P\u00e1ly\u00e1zat<\/a><\/li>\r\n                                            <li><a style=\"background: #8dc63f; color: #ffffff\" href=\"https:\/\/dkik.hu\/index.php\/hirek\/kulpiac\">K\u00fclpiac<\/a><\/li>\r\n                                        <li><span class=\"public-at\">2022. j\u00fanius 23.<\/span><\/li>\r\n                <\/ul>\r\n                        <div class=\"desc\"><p>A K\u00fclgazdas\u00e1gi \u00e9s K\u00fcl\u00fcgyminiszt\u00e9rium p\u00e1ly\u00e1zati felh\u00edv\u00e1sa, melyet a kis- \u00e9s k\u00f6z\u00e9pv\u00e1llalkoz\u00e1sok k\u00fclpiaci tev\u00e9kenys\u00e9g\u00e9nek \u00e9s nemzetk\u00f6zi versenyk\u00e9pess\u00e9g\u00e9nek el\u0151mozd\u00edt\u00e1sa \u00e9rdek\u00e9ben hoztak l\u00e9tre.<\/p><\/div>\r\n        <\/div>\r\n    <\/div>\r\n        <\/div>\n    <\/div>\n\n<ul class=\"pagination\">\n                    <li class=\"left\"><a href=\"https:\/\/dkik.hu\/index.php\/api\/feeds\/page?page=77\" rel=\"prev\"><span class=\"icon icon-arrow-flat-left\"><\/span><\/a><\/li>\n        \n                    \n                                                                        <li><a href=\"https:\/\/dkik.hu\/index.php\/api\/feeds\/page?page=1\">01<\/a><\/li>\n                                                                                <li><a href=\"https:\/\/dkik.hu\/index.php\/api\/feeds\/page?page=2\">02<\/a><\/li>\n                                                                                    <li class=\"disabled\"><span>...<\/span><\/li>\n            \n                                \n                                                                        <li><a href=\"https:\/\/dkik.hu\/index.php\/api\/feeds\/page?page=75\">75<\/a><\/li>\n                                                                                <li><a href=\"https:\/\/dkik.hu\/index.php\/api\/feeds\/page?page=76\">76<\/a><\/li>\n                                                                                <li><a href=\"https:\/\/dkik.hu\/index.php\/api\/feeds\/page?page=77\">77<\/a><\/li>\n                                                                                <li class=\"active\"><span>78<\/span><\/li>\n                                                                                <li><a href=\"https:\/\/dkik.hu\/index.php\/api\/feeds\/page?page=79\">79<\/a><\/li>\n                                                                                <li><a href=\"https:\/\/dkik.hu\/index.php\/api\/feeds\/page?page=80\">80<\/a><\/li>\n                                                                                <li><a href=\"https:\/\/dkik.hu\/index.php\/api\/feeds\/page?page=81\">81<\/a><\/li>\n                                                                                    <li class=\"disabled\"><span>...<\/span><\/li>\n            \n                                \n                                                                        <li><a href=\"https:\/\/dkik.hu\/index.php\/api\/feeds\/page?page=193\">193<\/a><\/li>\n                                                                                <li><a href=\"https:\/\/dkik.hu\/index.php\/api\/feeds\/page?page=194\">194<\/a><\/li>\n                                                        \n                    <li class=\"right\"><a href=\"https:\/\/dkik.hu\/index.php\/api\/feeds\/page?page=79\" rel=\"next\"><span class=\"icon icon-arrow-flat-right\"><\/span><\/a><\/li>\n            <\/ul>\n\n","page":"78"}